{"id":19088,"date":"2021-09-09T20:24:38","date_gmt":"2021-09-09T18:24:38","guid":{"rendered":"https:\/\/bisbalpenedes.com\/web\/?p=19088"},"modified":"2021-09-09T20:38:30","modified_gmt":"2021-09-09T18:38:30","slug":"lajuntament-de-la-bisbal-del-penedes-diu-no-a-la-mat","status":"publish","type":"post","link":"https:\/\/bisbalpenedes.com\/web\/2021\/09\/09\/lajuntament-de-la-bisbal-del-penedes-diu-no-a-la-mat\/","title":{"rendered":"L&#8217;Ajuntament de La Bisbal del Pened\u00e8s s&#8217;oposa a la MAT i ha instal\u00b7lat una pancarta a la fa\u00e7ana de La Casa de la Vila per mostrar la seva disconformitat amb el projecte"},"content":{"rendered":"\n<p>L&#8217;Ajuntament de la Bisbal del Pened\u00e8s s&#8217;oposa a la MAT i ha instal\u00b7lat aquesta pancarta a la fa\u00e7ana per mostrar la seva disconformitat amb el projecte. El Ple extraordinari del passat 30 d&#8217;agost va aprovar per unanimitat el manifest per derogar la MAT &#8220;Cl\u00faster Begues&#8221;.<\/p>\n\n\n\n<p>Si esteu en contra de la MAT, us facilitem el tr\u00e0mit. Podeu presentar al\u00b7legacions a l&#8217;Ajuntament de La Bisbal del Pened\u00e8s fins al 28 de setembre de 2021. Trobareu el document que cal signar a la part inferior d&#8217;aquesta p\u00e0gina i caldr\u00e0 que porteu el DNI.<\/p>\n\n\n\n<p>La MAT \u00e9s una l\u00ednia de molt alta tensi\u00f3 que preveu travessar diferents comarques i que est\u00e0 previst que passi per la Bisbal del Pened\u00e8s per portar energia a l&#8217;\u00c0rea Metropolitana de Barcelona. El projecte preveu l\u2019estesa de 9.833,39 metres de l\u00ednia corrent trif\u00e0sica a\u00e8ria a trav\u00e9s de 27 torres (de fins a 70 metres d\u2019al\u00e7ada) al nostre municipi.<\/p>\n\n\n\n<p>M\u00e9s informaci\u00f3: <a href=\"https:\/\/bit.ly\/3jHELTS\">https:\/\/bit.ly\/3jHELTS<\/a><\/p>\n\n\n\n<hr class=\"wp-block-separator\"\/>\n\n\n\n<p>El Ayuntamiento de la Bisbal del Pened\u00e8s se opone a la MAT y ha instalado esta pancarta en la fachada para mostrar su disconformidad con el proyecto. El Pleno extraordinario del pasado 30 de agosto aprob\u00f3 por unanimidad el manifiesto para derogar la MAT &#8220;Cl\u00faster Begues&#8221;.<\/p>\n\n\n\n<p>Si est\u00e1is en contra de la MAT, os facilitamos el tr\u00e1mite. Pod\u00e9is presentar alegaciones en el Ayuntamiento de La Bisbal del Pened\u00e8s hasta el 28 de septiembre de 2021. Encontrar\u00e9is el documento que hay que firmar en la parte inferior de esta p\u00e1gina y ser\u00e1 necesario que traig\u00e1is el DNI.<\/p>\n\n\n\n<p>La MAT es una l\u00ednea de muy alta tensi\u00f3n que prev\u00e9 atravesar distintas comarcas y que est\u00e1 previsto que pase por la Bisbal del Pened\u00e8s para llevar energ\u00eda al \u00c1rea Metropolitana de Barcelona. El proyecto prev\u00e9 el tendido de 9.833,39 metros de l\u00ednea corriente trif\u00e1sica a\u00e9rea a trav\u00e9s de 27 torres (de hasta 70 metros de altura) en nuestro municipio.<\/p>\n\n\n\n<p>M\u00e1s informaci\u00f3n: <a href=\"https:\/\/bit.ly\/3jHELTS\">https:\/\/bit.ly\/3jHELTS<\/a><\/p>\n\n\n\n<figure class=\"wp-block-image size-large\"><img loading=\"lazy\" width=\"1024\" height=\"768\" src=\"https:\/\/bisbalpenedes.com\/web\/wp-content\/uploads\/2021\/09\/NO-A-LA-MAT-AJUNTAMENT-3-1024x768.jpeg\" alt=\"\" class=\"wp-image-19089\" srcset=\"https:\/\/bisbalpenedes.com\/web\/wp-content\/uploads\/2021\/09\/NO-A-LA-MAT-AJUNTAMENT-3-1024x768.jpeg 1024w, https:\/\/bisbalpenedes.com\/web\/wp-content\/uploads\/2021\/09\/NO-A-LA-MAT-AJUNTAMENT-3-600x450.jpeg 600w, https:\/\/bisbalpenedes.com\/web\/wp-content\/uploads\/2021\/09\/NO-A-LA-MAT-AJUNTAMENT-3-300x225.jpeg 300w, https:\/\/bisbalpenedes.com\/web\/wp-content\/uploads\/2021\/09\/NO-A-LA-MAT-AJUNTAMENT-3-768x576.jpeg 768w, https:\/\/bisbalpenedes.com\/web\/wp-content\/uploads\/2021\/09\/NO-A-LA-MAT-AJUNTAMENT-3-1536x1152.jpeg 1536w, https:\/\/bisbalpenedes.com\/web\/wp-content\/uploads\/2021\/09\/NO-A-LA-MAT-AJUNTAMENT-3.jpeg 2048w\" sizes=\"(max-width: 1024px) 100vw, 1024px\" \/><\/figure>\n","protected":false},"excerpt":{"rendered":"<p>L&#8217;Ajuntament de la Bisbal del Pened\u00e8s s&#8217;oposa a la MAT i ha instal\u00b7lat aquesta pancarta a la fa\u00e7ana per mostrar la seva disconformitat amb el projecte. El Ple extraordinari del &hellip; <a href=\"https:\/\/bisbalpenedes.com\/web\/2021\/09\/09\/lajuntament-de-la-bisbal-del-penedes-diu-no-a-la-mat\/\" class=\"more-link\">Read More<\/a><\/p>\n","protected":false},"author":4,"featured_media":19090,"comment_status":"closed","ping_status":"closed","sticky":false,"template":"","format":"standard","meta":[],"categories":[2402,8],"tags":[2866,4759,459,393,4723,4761,1374],"_links":{"self":[{"href":"https:\/\/bisbalpenedes.com\/web\/wp-json\/wp\/v2\/posts\/19088"}],"collection":[{"href":"https:\/\/bisbalpenedes.com\/web\/wp-json\/wp\/v2\/posts"}],"about":[{"href":"https:\/\/bisbalpenedes.com\/web\/wp-json\/wp\/v2\/types\/post"}],"author":[{"embeddable":true,"href":"https:\/\/bisbalpenedes.com\/web\/wp-json\/wp\/v2\/users\/4"}],"replies":[{"embeddable":true,"href":"https:\/\/bisbalpenedes.com\/web\/wp-json\/wp\/v2\/comments?post=19088"}],"version-history":[{"count":4,"href":"https:\/\/bisbalpenedes.com\/web\/wp-json\/wp\/v2\/posts\/19088\/revisions"}],"predecessor-version":[{"id":19094,"href":"https:\/\/bisbalpenedes.com\/web\/wp-json\/wp\/v2\/posts\/19088\/revisions\/19094"}],"wp:featuredmedia":[{"embeddable":true,"href":"https:\/\/bisbalpenedes.com\/web\/wp-json\/wp\/v2\/media\/19090"}],"wp:attachment":[{"href":"https:\/\/bisbalpenedes.com\/web\/wp-json\/wp\/v2\/media?parent=19088"}],"wp:term":[{"taxonomy":"category","embeddable":true,"href":"https:\/\/bisbalpenedes.com\/web\/wp-json\/wp\/v2\/categories?post=19088"},{"taxonomy":"post_tag","embeddable":true,"href":"https:\/\/bisbalpenedes.com\/web\/wp-json\/wp\/v2\/tags?post=19088"}],"curies":[{"name":"wp","href":"https:\/\/api.w.org\/{rel}","templated":true}]}}