{"id":19077,"date":"2021-09-08T13:00:04","date_gmt":"2021-09-08T11:00:04","guid":{"rendered":"https:\/\/bisbalpenedes.com\/web\/?p=19077"},"modified":"2021-09-08T13:00:04","modified_gmt":"2021-09-08T11:00:04","slug":"el-servei-meteorologic-de-catalunya-ha-publicat-un-avis-per-intensitat-de-pluja-per-al-dijous-9-de-setembre","status":"publish","type":"post","link":"https:\/\/bisbalpenedes.com\/web\/2021\/09\/08\/el-servei-meteorologic-de-catalunya-ha-publicat-un-avis-per-intensitat-de-pluja-per-al-dijous-9-de-setembre\/","title":{"rendered":"El Servei Meteorol\u00f2gic de Catalunya ha publicat un av\u00eds per intensitat de pluja per al dijous 9 de setembre"},"content":{"rendered":"\n<p>El Servei Meteorol\u00f2gic de Catalunya ha publicat un av\u00eds per intensitat de pluja. Els x\u00e0fecs aniran sovint acompanyats de tempesta i localment de calamarsa. Extremeu les precaucions.<\/p>\n\n\n\n<hr class=\"wp-block-separator\"\/>\n\n\n\n<p>El Servicio Meteorol\u00f3gico de Catalunya ha publicado un aviso por intensidad de lluvia. Los chubascos ir\u00e1n a menudo acompa\u00f1ados de tormenta y granizo. Extremad las precauciones.<\/p>\n\n\n\n<figure class=\"wp-block-image size-large\"><img loading=\"lazy\" width=\"459\" height=\"606\" src=\"https:\/\/bisbalpenedes.com\/web\/wp-content\/uploads\/2018\/10\/Cartell_aiguats_inundacions.1.jpg\" alt=\"\" class=\"wp-image-7665\" srcset=\"https:\/\/bisbalpenedes.com\/web\/wp-content\/uploads\/2018\/10\/Cartell_aiguats_inundacions.1.jpg 459w, https:\/\/bisbalpenedes.com\/web\/wp-content\/uploads\/2018\/10\/Cartell_aiguats_inundacions.1-227x300.jpg 227w\" sizes=\"(max-width: 459px) 100vw, 459px\" \/><\/figure>\n","protected":false},"excerpt":{"rendered":"<p>El Servei Meteorol\u00f2gic de Catalunya ha publicat un av\u00eds per intensitat de pluja. Els x\u00e0fecs aniran sovint acompanyats de tempesta i localment de calamarsa. Extremeu les precaucions. El Servicio Meteorol\u00f3gico &hellip; <a href=\"https:\/\/bisbalpenedes.com\/web\/2021\/09\/08\/el-servei-meteorologic-de-catalunya-ha-publicat-un-avis-per-intensitat-de-pluja-per-al-dijous-9-de-setembre\/\" class=\"more-link\">Read More<\/a><\/p>\n","protected":false},"author":4,"featured_media":19078,"comment_status":"closed","ping_status":"closed","sticky":false,"template":"","format":"standard","meta":[],"categories":[1628,2543,8],"tags":[3565,459,3815,393,1188,2474],"_links":{"self":[{"href":"https:\/\/bisbalpenedes.com\/web\/wp-json\/wp\/v2\/posts\/19077"}],"collection":[{"href":"https:\/\/bisbalpenedes.com\/web\/wp-json\/wp\/v2\/posts"}],"about":[{"href":"https:\/\/bisbalpenedes.com\/web\/wp-json\/wp\/v2\/types\/post"}],"author":[{"embeddable":true,"href":"https:\/\/bisbalpenedes.com\/web\/wp-json\/wp\/v2\/users\/4"}],"replies":[{"embeddable":true,"href":"https:\/\/bisbalpenedes.com\/web\/wp-json\/wp\/v2\/comments?post=19077"}],"version-history":[{"count":1,"href":"https:\/\/bisbalpenedes.com\/web\/wp-json\/wp\/v2\/posts\/19077\/revisions"}],"predecessor-version":[{"id":19079,"href":"https:\/\/bisbalpenedes.com\/web\/wp-json\/wp\/v2\/posts\/19077\/revisions\/19079"}],"wp:featuredmedia":[{"embeddable":true,"href":"https:\/\/bisbalpenedes.com\/web\/wp-json\/wp\/v2\/media\/19078"}],"wp:attachment":[{"href":"https:\/\/bisbalpenedes.com\/web\/wp-json\/wp\/v2\/media?parent=19077"}],"wp:term":[{"taxonomy":"category","embeddable":true,"href":"https:\/\/bisbalpenedes.com\/web\/wp-json\/wp\/v2\/categories?post=19077"},{"taxonomy":"post_tag","embeddable":true,"href":"https:\/\/bisbalpenedes.com\/web\/wp-json\/wp\/v2\/tags?post=19077"}],"curies":[{"name":"wp","href":"https:\/\/api.w.org\/{rel}","templated":true}]}}