{"id":1907,"date":"2016-12-27T19:25:23","date_gmt":"2016-12-27T13:25:23","guid":{"rendered":"http:\/\/bisbalpenedes.com\/web\/?p=1907"},"modified":"2016-12-27T19:43:38","modified_gmt":"2016-12-27T13:43:38","slug":"programa-treball-i-formacio","status":"publish","type":"post","link":"https:\/\/bisbalpenedes.com\/web\/2016\/12\/27\/programa-treball-i-formacio\/","title":{"rendered":"PROGRAMA TREBALL I FORMACI\u00d3"},"content":{"rendered":"<p>\nPROGRAMA TREBALL I FORMACI\u00d3<br \/>\nEl Consell Comarcal del Baix Pened\u00e8s podr\u00e0 comptar durant el 2017 amb una nova brigada de treballadors en el marc del Programa Treball i Formaci\u00f3, adre\u00e7at a persones benefici\u00e0ries de la Renda M\u00ednima d\u2019Inserci\u00f3 (PRMI) i a aturats que no reben cap prestaci\u00f3 o subsidi.<br \/>\nEl programa &#8211; finan\u00e7at per la Generalitat a trav\u00e9s del Servei d\u2019Ocupaci\u00f3 de Catalunya i el fons Social Europeu &#8211; permetr\u00e0 contractar 27 persones, m\u00e9s un coordinador del projecte. L\u2019\u00e0mbit territorial de les actuacions ser\u00e0 als municipis d\u2019 Albinyana, l\u2019Arbo\u00e7, Banyeres del Pened\u00e8s, Bellvei, la Bisbal del Pened\u00e8s, Bonastre, Cunit, Lloren\u00e7 del Pened\u00e8s, Maslloren\u00e7, el Montmell, Sant Jaume dels Domenys i Santa Oliva.<br \/>\nTreball i Formaci\u00f3 subvenciona la contractaci\u00f3 amb dues l\u00ednies. La primera permetr\u00e0 contractar 18 persones en atur que no percebin prestacions o subsidis per desocupaci\u00f3 i, preferentment, majors de 45 anys (2 contractes de 12 mesos, 16 contractes de 6 mesos). La segona permetr\u00e0 contractar  9 persones a l\u2019atur i benefici\u00e0ries de la Renda M\u00ednima d\u2019Inserci\u00f3 (1 contracte de 12 mesos, 8 contractes de 6 mesos).<br \/>\nEl perfil que es sol\u2022licita \u00e9s pe\u00f3 de brigada municipal i pe\u00f3 forestal. Les persones interessades que compleixin els requisits s\u2019hauran d\u2019adre\u00e7ar al Consell Comarcal del Baix Pened\u00e8s o als ajuntaments que participaran al programa i fer una sol\u2022licitud per inscriure-s\u2019hi.<br \/>\nEl termini \u00e9s fins el 4 de gener de 2017. Tamb\u00e9 es pot trobar la informaci\u00f3 a la p\u00e0gina web del Consell Comarcal del Baix Pened\u00e8s i als ajuntaments d\u2019 Albinyana, l\u2019Arbo\u00e7, Banyeres del Pened\u00e8s, Bellvei, la Bisbal del Pened\u00e8s, Bonastre, Cunit, Lloren\u00e7 del Pened\u00e8s, Maslloren\u00e7, Sant Jaume dels Domenys i Santa Oliva.<br \/>\nL&#8217;Ajuntament de la bisbal del Pened\u00e8s,realitzar\u00e0 una sessi\u00f3 informativa el pr\u00f2xim dia 29 de desembre a les 10:00h al Centre Municipal de Cultura,Pla\u00e7a Major 11-13, amb la intenci\u00f3 de donar a con\u00e8ixer el proc\u00e9s de participaci\u00f3 i selecci\u00f3 dels candidats\/es<br \/>\nEl model de sol\u2022licitud i la documentaci\u00f3 que cal presentar la podeu trobar a  a la recepci\u00f3 del propi ajuntament o descarregant el seg\u00fcent enlla\u00e7:<\/p>\n<p><b><a href='http:\/\/bisbalpenedes.com\/web\/wp-content\/uploads\/2016\/12\/trefo_instancia.pdf'>Descarrega -> Inst\u00e0ncia programa treball i formaci\u00f3 en format PDF<\/a><\/b><\/p>\n<p>Altra documentaci\u00f3<br \/>\n<a href=\"http:\/\/bisbalpenedes.com\/web\/wp-content\/uploads\/2016\/12\/info_trefo_161.jpg\"><img loading=\"lazy\" src=\"http:\/\/bisbalpenedes.com\/web\/wp-content\/uploads\/2016\/12\/info_trefo_161-150x150.jpg\" alt=\"\" title=\"info_trefo_16\" width=\"150\" height=\"150\" class=\"alignleft size-thumbnail wp-image-1914\" srcset=\"https:\/\/bisbalpenedes.com\/web\/wp-content\/uploads\/2016\/12\/info_trefo_161-150x150.jpg 150w, https:\/\/bisbalpenedes.com\/web\/wp-content\/uploads\/2016\/12\/info_trefo_161-300x300.jpg 300w, https:\/\/bisbalpenedes.com\/web\/wp-content\/uploads\/2016\/12\/info_trefo_161-100x100.jpg 100w\" sizes=\"(max-width: 150px) 100vw, 150px\" \/><\/a><\/p>\n<p><a href=\"http:\/\/bisbalpenedes.com\/web\/wp-content\/uploads\/2016\/12\/bak_trefo.jpg\"><img loading=\"lazy\" src=\"http:\/\/bisbalpenedes.com\/web\/wp-content\/uploads\/2016\/12\/bak_trefo-1024x542.jpg\" alt=\"\" title=\"bak_trefo\" width=\"630\" height=\"333\" class=\"alignleft size-large wp-image-1913\" srcset=\"https:\/\/bisbalpenedes.com\/web\/wp-content\/uploads\/2016\/12\/bak_trefo-1024x542.jpg 1024w, https:\/\/bisbalpenedes.com\/web\/wp-content\/uploads\/2016\/12\/bak_trefo-600x318.jpg 600w, https:\/\/bisbalpenedes.com\/web\/wp-content\/uploads\/2016\/12\/bak_trefo-300x159.jpg 300w, https:\/\/bisbalpenedes.com\/web\/wp-content\/uploads\/2016\/12\/bak_trefo.jpg 2041w\" sizes=\"(max-width: 630px) 100vw, 630px\" \/><\/a><\/p>\n","protected":false},"excerpt":{"rendered":"<p>PROGRAMA TREBALL I FORMACI\u00d3 El Consell Comarcal del Baix Pened\u00e8s podr\u00e0 comptar durant el 2017 amb una nova brigada de treballadors en el marc del Programa Treball i Formaci\u00f3, adre\u00e7at &hellip; <a href=\"https:\/\/bisbalpenedes.com\/web\/2016\/12\/27\/programa-treball-i-formacio\/\" class=\"more-link\">Read More<\/a><\/p>\n","protected":false},"author":1,"featured_media":1913,"comment_status":"closed","ping_status":"closed","sticky":false,"template":"","format":"standard","meta":[],"categories":[9],"tags":[10,213],"_links":{"self":[{"href":"https:\/\/bisbalpenedes.com\/web\/wp-json\/wp\/v2\/posts\/1907"}],"collection":[{"href":"https:\/\/bisbalpenedes.com\/web\/wp-json\/wp\/v2\/posts"}],"about":[{"href":"https:\/\/bisbalpenedes.com\/web\/wp-json\/wp\/v2\/types\/post"}],"author":[{"embeddable":true,"href":"https:\/\/bisbalpenedes.com\/web\/wp-json\/wp\/v2\/users\/1"}],"replies":[{"embeddable":true,"href":"https:\/\/bisbalpenedes.com\/web\/wp-json\/wp\/v2\/comments?post=1907"}],"version-history":[{"count":6,"href":"https:\/\/bisbalpenedes.com\/web\/wp-json\/wp\/v2\/posts\/1907\/revisions"}],"predecessor-version":[{"id":1917,"href":"https:\/\/bisbalpenedes.com\/web\/wp-json\/wp\/v2\/posts\/1907\/revisions\/1917"}],"wp:featuredmedia":[{"embeddable":true,"href":"https:\/\/bisbalpenedes.com\/web\/wp-json\/wp\/v2\/media\/1913"}],"wp:attachment":[{"href":"https:\/\/bisbalpenedes.com\/web\/wp-json\/wp\/v2\/media?parent=1907"}],"wp:term":[{"taxonomy":"category","embeddable":true,"href":"https:\/\/bisbalpenedes.com\/web\/wp-json\/wp\/v2\/categories?post=1907"},{"taxonomy":"post_tag","embeddable":true,"href":"https:\/\/bisbalpenedes.com\/web\/wp-json\/wp\/v2\/tags?post=1907"}],"curies":[{"name":"wp","href":"https:\/\/api.w.org\/{rel}","templated":true}]}}