{"id":19067,"date":"2021-09-08T12:31:51","date_gmt":"2021-09-08T10:31:51","guid":{"rendered":"https:\/\/bisbalpenedes.com\/web\/?p=19067"},"modified":"2021-09-13T09:10:21","modified_gmt":"2021-09-13T07:10:21","slug":"el-diumenge-26-de-setembre-a-les-19h-projectarem-la-pellicula-la-dona-illegal-i-comptarem-amb-la-presencia-del-director","status":"publish","type":"post","link":"https:\/\/bisbalpenedes.com\/web\/2021\/09\/08\/el-diumenge-26-de-setembre-a-les-19h-projectarem-la-pellicula-la-dona-illegal-i-comptarem-amb-la-presencia-del-director\/","title":{"rendered":"El diumenge 26 de setembre a les 19h projectarem la pel\u00b7l\u00edcula \u201cLa dona il\u00b7legal\u201d i comptarem amb la pres\u00e8ncia del director i coguionista de la pel\u00b7l\u00edcula: Ramon T\u00e9rmens"},"content":{"rendered":"\n<p>Aquest setembre torna el Cicle Gaud\u00ed!<\/p>\n\n\n\n<p>El proper diumenge 26 de setembre, a les 19h, projectarem la pel\u00b7l\u00edcula \u201cLa dona il\u00b7legal\u201d i comptarem amb la pres\u00e8ncia del director i coguionista de la pel\u00b7l\u00edcula, Ramon T\u00e9rmens.<\/p>\n\n\n\n<figure class=\"wp-block-image size-large\"><img loading=\"lazy\" width=\"1024\" height=\"1024\" src=\"https:\/\/bisbalpenedes.com\/web\/wp-content\/uploads\/2021\/09\/Instagram_presencies_labisbal_ladonaillegal-1024x1024.jpeg\" alt=\"\" class=\"wp-image-19120\" srcset=\"https:\/\/bisbalpenedes.com\/web\/wp-content\/uploads\/2021\/09\/Instagram_presencies_labisbal_ladonaillegal-1024x1024.jpeg 1024w, https:\/\/bisbalpenedes.com\/web\/wp-content\/uploads\/2021\/09\/Instagram_presencies_labisbal_ladonaillegal-300x300.jpeg 300w, https:\/\/bisbalpenedes.com\/web\/wp-content\/uploads\/2021\/09\/Instagram_presencies_labisbal_ladonaillegal-100x100.jpeg 100w, https:\/\/bisbalpenedes.com\/web\/wp-content\/uploads\/2021\/09\/Instagram_presencies_labisbal_ladonaillegal-600x600.jpeg 600w, https:\/\/bisbalpenedes.com\/web\/wp-content\/uploads\/2021\/09\/Instagram_presencies_labisbal_ladonaillegal-150x150.jpeg 150w, https:\/\/bisbalpenedes.com\/web\/wp-content\/uploads\/2021\/09\/Instagram_presencies_labisbal_ladonaillegal-768x768.jpeg 768w, https:\/\/bisbalpenedes.com\/web\/wp-content\/uploads\/2021\/09\/Instagram_presencies_labisbal_ladonaillegal.jpeg 1080w\" sizes=\"(max-width: 1024px) 100vw, 1024px\" \/><\/figure>\n\n\n\n<p>El preu general de l\u2019entrada \u00e9s de 4,5\u20ac i s\u2019ofereix un preu redu\u00eft de 3\u20ac presentant el carnet de la Biblioteca P\u00fablica de la Bisbal del Pened\u00e8s. Quant a la recaptaci\u00f3, aquesta es destinar\u00e0 a l\u2019entitat del poble que gestioni la venda d\u2019entrades en cada projecci\u00f3. Les taquilles obriran 30 minuts abans amb l\u2019objectiu de tenir un control dels assistents i poder-los ubicar respectant totes les mesures de seguretat per la COVID-19. Recordem que \u00e9s obligatori l\u2019\u00fas de la mascareta i que l\u2019aforament ser\u00e0 limitat.<\/p>\n\n\n\n<p><strong>FITXA T\u00c8CNICA<\/strong><\/p>\n\n\n\n<ul><li>Direcci\u00f3: Ramon T\u00e9rmens<\/li><li>Gui\u00f3: Daniel Feraldo i Ramon T\u00e9rmens<\/li><li>Direcci\u00f3 de fotografia: Pol Orpinell<\/li><li>M\u00fasica: David Solar<\/li><li>Estrena: Desembre 2020<\/li><li>Durada: 119 min.<\/li><li>G\u00e8nere: Thriller amb rerefons social<\/li><li>Int\u00e8rprets: Daniel Faraldo, Yolanda Sey, Isak F\u00e9rriz, Boris Ruiz, Monste Germ\u00e1n, Adeline Flaun, \u00c0ngels Bassas, Klaudia Dudov\u00e1, Raquel Cam\u00f3n, Gorka Lasaosa.<\/li><\/ul>\n\n\n\n<p><strong>SINOPSI<\/strong><\/p>\n\n\n\n<p>El Fernando Vila (Daniel Feraldo) \u00e9s un advocat d\u2019immigraci\u00f3 que accepta un cas aparentment senzill: evitar la deportaci\u00f3 d\u2019una jove kosovar, la Zita Krasniqi (Klaudia Dudov\u00e1).<\/p>\n\n\n\n<p>Tot canvia quan la noia apareix morta al CIE (Centre d\u2019Internament d\u2019Estrangers) i les autoritats declaren que s\u2019ha su\u00efcidat. En Fernando busca l\u2019ajuda de l\u2019\u00fanica amiga de la v\u00edctima, la Juliet Okoro (Yolanda Sey), una immigrant nigeriana atrapada en una xarxa de prostituci\u00f3. Mentre el Fernando prova d\u2019esclarir els fets, troba la f\u00e8rria oposici\u00f3 del cap de policia Oriol Cadenas (Isak F\u00e9rriz) i aviat comen\u00e7a a descobrir la corrupci\u00f3, els abusos sexuals i els \u201cfalsos su\u00efcidis\u201d que tenen lloc dins del sistema de deportacions de l\u2019Estat espanyol. En Fernando lluitar\u00e0 contra aquest sistema arriscant la seva pr\u00f2pia vida.<\/p>\n\n\n\n<figure class=\"wp-block-embed is-type-video is-provider-youtube wp-block-embed-youtube wp-embed-aspect-16-9 wp-has-aspect-ratio\"><div class=\"wp-block-embed__wrapper\">\n<iframe loading=\"lazy\" title=\"Cicle Gaud\u00ed: &quot;La dona il\u00b7legal&quot;\" width=\"1170\" height=\"658\" src=\"https:\/\/www.youtube.com\/embed\/iViYnrzKiOU?feature=oembed\" frameborder=\"0\" allow=\"accelerometer; autoplay; clipboard-write; encrypted-media; gyroscope; picture-in-picture\" allowfullscreen><\/iframe>\n<\/div><\/figure>\n\n\n\n<hr class=\"wp-block-separator\"\/>\n\n\n\n<p>\u00a1Este septiembre vuelve el Cicle Gaud\u00ed!<\/p>\n\n\n\n<p>El pr\u00f3ximo domingo 26 de septiembre, a las 19h, proyectaremos la pel\u00edcula \u201cLa dona il\u00b7legal\u201d y contaremos con la presencia del director y coguionista de la pel\u00edcula, Ramon T\u00e9rmens.<\/p>\n\n\n\n<p>El precio general de la entrada es de 4,5\u20ac y se ofrece un precio reducido de 3\u20ac presentando el carn\u00e9 de la Biblioteca P\u00fablica de la Bisbal del Pened\u00e8s. En cuanto a la recaudaci\u00f3n, esta se destinar\u00e1 a la entidad del pueblo que gestione la venta de entradas en cada proyecci\u00f3n. Las taquillas abrir\u00e1n 30 minutos antes con el objetivo de tener un control de los asistentes y poderlos ubicar respetando todas las medidas de seguridad por la COVID-19. Recordamos que es obligatorio el uso de la mascarilla y que el aforo ser\u00e1 limitado.<\/p>\n\n\n\n<p><strong>FICHA T\u00c9CNICA<\/strong><\/p>\n\n\n\n<ul><li>Direcci\u00f3n: Ramon T\u00e9rmens<\/li><li>Gui\u00f3n: Daniel Feraldo y Ramon T\u00e9rmens<\/li><li>Direcci\u00f3n de fotograf\u00eda: Pol Orpinell<\/li><li>M\u00fasica: David Solar<\/li><li>Estreno: Diciembre 2020<\/li><li>Duraci\u00f3n: 119 min.<\/li><li>G\u00e9nero: Thriller con trasfondo social<\/li><li>Int\u00e9rpretes: Daniel Faraldo, Yolanda Sey, Isak F\u00e9rriz, Boris Ruiz, Monste Germ\u00e1n, Adeline Flaun, \u00c0ngels Bassas, Klaudia Dudov\u00e1, Raquel Cam\u00f3n, Gorka Lasaosa.<\/li><\/ul>\n\n\n\n<p><strong>SINOPSIS<\/strong><\/p>\n\n\n\n<p>Fernando Vila (Daniel Feraldo) es un abogado de inmigraci\u00f3n que acepta un caso aparentemente sencillo: evitar la deportaci\u00f3n de una joven kosovar, la Zita Krasniqi (Klaudia Dudov\u00e1).<\/p>\n\n\n\n<p>Todo cambia cuando la chica aparece muerta al CIE (Centro de Internamiento de Extranjeros) y las autoridades declaran que se ha suicidado. Fernando busca la ayuda de la \u00fanica amiga de la v\u00edctima, Juliet Okoro (Yolanda Sey), una inmigrante nigeriana atrapada en una red de prostituci\u00f3n. Mientras Fernando prueba de aclarar los hechos, encuentra la f\u00e9rrea oposici\u00f3n del jefe de polic\u00eda Oriol Cadenas (Isak F\u00e9rriz) y pronto empieza a descubrir la corrupci\u00f3n, los abusos sexuales y los \u201cfalsos suicidios\u201d que tienen lugar dentro del sistema de deportaciones del Estado espa\u00f1ol. Fernando luchar\u00e1 contra este sistema arriesgando su propia vida.<\/p>\n","protected":false},"excerpt":{"rendered":"<p>Aquest setembre torna el Cicle Gaud\u00ed! El proper diumenge 26 de setembre, a les 19h, projectarem la pel\u00b7l\u00edcula \u201cLa dona il\u00b7legal\u201d i comptarem amb la pres\u00e8ncia del director i coguionista &hellip; <a href=\"https:\/\/bisbalpenedes.com\/web\/2021\/09\/08\/el-diumenge-26-de-setembre-a-les-19h-projectarem-la-pellicula-la-dona-illegal-i-comptarem-amb-la-presencia-del-director\/\" class=\"more-link\">Read More<\/a><\/p>\n","protected":false},"author":4,"featured_media":19068,"comment_status":"closed","ping_status":"closed","sticky":false,"template":"","format":"standard","meta":[],"categories":[2942,13,8],"tags":[308,307,869,393,4763,771,4764],"_links":{"self":[{"href":"https:\/\/bisbalpenedes.com\/web\/wp-json\/wp\/v2\/posts\/19067"}],"collection":[{"href":"https:\/\/bisbalpenedes.com\/web\/wp-json\/wp\/v2\/posts"}],"about":[{"href":"https:\/\/bisbalpenedes.com\/web\/wp-json\/wp\/v2\/types\/post"}],"author":[{"embeddable":true,"href":"https:\/\/bisbalpenedes.com\/web\/wp-json\/wp\/v2\/users\/4"}],"replies":[{"embeddable":true,"href":"https:\/\/bisbalpenedes.com\/web\/wp-json\/wp\/v2\/comments?post=19067"}],"version-history":[{"count":4,"href":"https:\/\/bisbalpenedes.com\/web\/wp-json\/wp\/v2\/posts\/19067\/revisions"}],"predecessor-version":[{"id":19121,"href":"https:\/\/bisbalpenedes.com\/web\/wp-json\/wp\/v2\/posts\/19067\/revisions\/19121"}],"wp:featuredmedia":[{"embeddable":true,"href":"https:\/\/bisbalpenedes.com\/web\/wp-json\/wp\/v2\/media\/19068"}],"wp:attachment":[{"href":"https:\/\/bisbalpenedes.com\/web\/wp-json\/wp\/v2\/media?parent=19067"}],"wp:term":[{"taxonomy":"category","embeddable":true,"href":"https:\/\/bisbalpenedes.com\/web\/wp-json\/wp\/v2\/categories?post=19067"},{"taxonomy":"post_tag","embeddable":true,"href":"https:\/\/bisbalpenedes.com\/web\/wp-json\/wp\/v2\/tags?post=19067"}],"curies":[{"name":"wp","href":"https:\/\/api.w.org\/{rel}","templated":true}]}}