{"id":19061,"date":"2021-09-08T12:02:16","date_gmt":"2021-09-08T10:02:16","guid":{"rendered":"https:\/\/bisbalpenedes.com\/web\/?p=19061"},"modified":"2021-09-08T12:02:16","modified_gmt":"2021-09-08T10:02:16","slug":"lalcaldessa-de-la-bisbal-del-penedes-ha-assistit-a-la-roda-de-premsa-conjunta-entre-diverses-institucions-del-territori-centrada-en-la-presentacio-dallegacions-contra-la-mat","status":"publish","type":"post","link":"https:\/\/bisbalpenedes.com\/web\/2021\/09\/08\/lalcaldessa-de-la-bisbal-del-penedes-ha-assistit-a-la-roda-de-premsa-conjunta-entre-diverses-institucions-del-territori-centrada-en-la-presentacio-dallegacions-contra-la-mat\/","title":{"rendered":"L&#8217;alcaldessa de la Bisbal del Pened\u00e8s ha assistit a la roda de premsa conjunta -entre diverses institucions del territori- centrada en la presentaci\u00f3 d&#8217;al\u00b7legacions contra la MAT"},"content":{"rendered":"\n<p>L\u2019alcaldessa de la Bisbal del Pened\u00e8s, Agn\u00e8s Ferr\u00e9 ha assistit aquest dimarts a la roda de premsa conjunta -entre les diferents administracions del territori- centrada en la presentaci\u00f3 de totes les al\u00b7legacions contra el projecte MAT i en fer pal\u00e8s el malestar generat per aquest projecte arreu del territori. L\u2019acte s\u2019ha celebrat al Palau Bofarull de Reus.<\/p>\n\n\n\n<p>La convocat\u00f2ria ha reunit la presidenta de la Diputaci\u00f3; els presidents i presidentes dels Consells Comarcals de la Terra Alta, la Ribera d\u2019Ebre, el Priorat, el Baix Camp, l\u2019Alt Camp, el Baix Pened\u00e8s i l\u2019Alt Pened\u00e8s; i els alcaldes i alcaldesses dels municipis afectats.<\/p>\n\n\n\n<figure class=\"wp-block-image size-large\"><img loading=\"lazy\" width=\"943\" height=\"625\" src=\"https:\/\/bisbalpenedes.com\/web\/wp-content\/uploads\/2021\/09\/VegueriaPenede\u0300s.jpg\" alt=\"\" class=\"wp-image-19063\" srcset=\"https:\/\/bisbalpenedes.com\/web\/wp-content\/uploads\/2021\/09\/VegueriaPenede\u0300s.jpg 943w, https:\/\/bisbalpenedes.com\/web\/wp-content\/uploads\/2021\/09\/VegueriaPenede\u0300s-600x398.jpg 600w, https:\/\/bisbalpenedes.com\/web\/wp-content\/uploads\/2021\/09\/VegueriaPenede\u0300s-300x199.jpg 300w, https:\/\/bisbalpenedes.com\/web\/wp-content\/uploads\/2021\/09\/VegueriaPenede\u0300s-768x509.jpg 768w\" sizes=\"(max-width: 943px) 100vw, 943px\" \/><figcaption>Representants de la Vegueria del Pened\u00e8s<\/figcaption><\/figure>\n\n\n\n<hr class=\"wp-block-separator\"\/>\n\n\n\n<p>La alcaldesa de la Bisbal del Pened\u00e8s, Agn\u00e8s Ferr\u00e9, ha asistido este martes a la rueda de prensa conjunta -entre las distintas administraciones del territorio- centrada en la presentaci\u00f3n de todas las alegaciones contra el proyecto MAT y en hacer constar el malestar generado por este proyecto en todo el territorio. El acto se ha celebrado en el Palau Bofarull de Reus.<\/p>\n\n\n\n<p>La convocatoria ha reunido a la Presidenta de la Diputaci\u00f3n; los presidentes y presidentas de los Consells Comarcals de la Terra Alta, la Ribera d\u2019Ebre, el Priorat, el Baix Camp, el Alt Camp, el Baix Pened\u00e8s y el Alt Pened\u00e8s; y a los alcaldes y alcaldesas de los municipios afectados.<\/p>\n\n\n\n<figure class=\"wp-block-image size-large\"><img loading=\"lazy\" width=\"1024\" height=\"680\" src=\"https:\/\/bisbalpenedes.com\/web\/wp-content\/uploads\/2021\/09\/Tots-els-afectats-1024x680.jpg\" alt=\"\" class=\"wp-image-19064\" srcset=\"https:\/\/bisbalpenedes.com\/web\/wp-content\/uploads\/2021\/09\/Tots-els-afectats-1024x680.jpg 1024w, https:\/\/bisbalpenedes.com\/web\/wp-content\/uploads\/2021\/09\/Tots-els-afectats-600x398.jpg 600w, https:\/\/bisbalpenedes.com\/web\/wp-content\/uploads\/2021\/09\/Tots-els-afectats-300x199.jpg 300w, https:\/\/bisbalpenedes.com\/web\/wp-content\/uploads\/2021\/09\/Tots-els-afectats-768x510.jpg 768w, https:\/\/bisbalpenedes.com\/web\/wp-content\/uploads\/2021\/09\/Tots-els-afectats-1536x1020.jpg 1536w, https:\/\/bisbalpenedes.com\/web\/wp-content\/uploads\/2021\/09\/Tots-els-afectats.jpg 1569w\" sizes=\"(max-width: 1024px) 100vw, 1024px\" \/><figcaption>Representants de tots els municipis afectats<\/figcaption><\/figure>\n","protected":false},"excerpt":{"rendered":"<p>L\u2019alcaldessa de la Bisbal del Pened\u00e8s, Agn\u00e8s Ferr\u00e9 ha assistit aquest dimarts a la roda de premsa conjunta -entre les diferents administracions del territori- centrada en la presentaci\u00f3 de totes &hellip; <a href=\"https:\/\/bisbalpenedes.com\/web\/2021\/09\/08\/lalcaldessa-de-la-bisbal-del-penedes-ha-assistit-a-la-roda-de-premsa-conjunta-entre-diverses-institucions-del-territori-centrada-en-la-presentacio-dallegacions-contra-la-mat\/\" class=\"more-link\">Read More<\/a><\/p>\n","protected":false},"author":4,"featured_media":19062,"comment_status":"closed","ping_status":"closed","sticky":false,"template":"","format":"standard","meta":[],"categories":[8],"tags":[],"_links":{"self":[{"href":"https:\/\/bisbalpenedes.com\/web\/wp-json\/wp\/v2\/posts\/19061"}],"collection":[{"href":"https:\/\/bisbalpenedes.com\/web\/wp-json\/wp\/v2\/posts"}],"about":[{"href":"https:\/\/bisbalpenedes.com\/web\/wp-json\/wp\/v2\/types\/post"}],"author":[{"embeddable":true,"href":"https:\/\/bisbalpenedes.com\/web\/wp-json\/wp\/v2\/users\/4"}],"replies":[{"embeddable":true,"href":"https:\/\/bisbalpenedes.com\/web\/wp-json\/wp\/v2\/comments?post=19061"}],"version-history":[{"count":1,"href":"https:\/\/bisbalpenedes.com\/web\/wp-json\/wp\/v2\/posts\/19061\/revisions"}],"predecessor-version":[{"id":19065,"href":"https:\/\/bisbalpenedes.com\/web\/wp-json\/wp\/v2\/posts\/19061\/revisions\/19065"}],"wp:featuredmedia":[{"embeddable":true,"href":"https:\/\/bisbalpenedes.com\/web\/wp-json\/wp\/v2\/media\/19062"}],"wp:attachment":[{"href":"https:\/\/bisbalpenedes.com\/web\/wp-json\/wp\/v2\/media?parent=19061"}],"wp:term":[{"taxonomy":"category","embeddable":true,"href":"https:\/\/bisbalpenedes.com\/web\/wp-json\/wp\/v2\/categories?post=19061"},{"taxonomy":"post_tag","embeddable":true,"href":"https:\/\/bisbalpenedes.com\/web\/wp-json\/wp\/v2\/tags?post=19061"}],"curies":[{"name":"wp","href":"https:\/\/api.w.org\/{rel}","templated":true}]}}