{"id":19051,"date":"2021-09-06T12:58:49","date_gmt":"2021-09-06T10:58:49","guid":{"rendered":"https:\/\/bisbalpenedes.com\/web\/?p=19051"},"modified":"2021-09-09T20:55:20","modified_gmt":"2021-09-09T18:55:20","slug":"actes-en-el-marc-de-la-diada-nacional-de-catalunya","status":"publish","type":"post","link":"https:\/\/bisbalpenedes.com\/web\/2021\/09\/06\/actes-en-el-marc-de-la-diada-nacional-de-catalunya\/","title":{"rendered":"AFORAMENT COMPLET: actes organitzats des de la Regidoria de Cultura amb motiu de la Diada Nacional de Catalunya"},"content":{"rendered":"\n<p>ACTUALITZACI\u00d3\/ACTUALIZACI\u00d3N 9-9-21<\/p>\n\n\n\n<p><strong>L&#8217;aforament per als actes del proper diumenge 12 de setembre est\u00e0 complet. En cas de pluja, els actes es traslladarien a la Societat Cultural i Recreativa Bisbalenca<\/strong>.<\/p>\n\n\n\n<hr class=\"wp-block-separator\"\/>\n\n\n\n<p><strong>El aforo para los actos del pr\u00f3ximo domingo 12 de septiembre est\u00e1 completo.En caso de lluvia, los actos se trasladar\u00edan a la Societat Cultural i Recreativa Bisbalenca.<\/strong><\/p>\n\n\n\n<hr class=\"wp-block-separator\"\/>\n\n\n\n<p>Aquests s\u00f3n els actes que l&#8217;Ajuntament de la Bisbal del Pened\u00e8s ha organitzat per commemorar la Diada de l&#8217;11 de setembre. <\/p>\n\n\n\n<p>\u00c9s imprescindible formalitzar la inscripci\u00f3. <\/p>\n\n\n\n<hr class=\"wp-block-separator\"\/>\n\n\n\n<p>Estos son los actos que el Ayuntamiento de la Bisbal del Pened\u00e8s ha organizado para conmemorar la Diada del 11 de septiembre. <\/p>\n\n\n\n<p>Es imprescindible formalizar la inscripci\u00f3n. <\/p>\n","protected":false},"excerpt":{"rendered":"<p>ACTUALITZACI\u00d3\/ACTUALIZACI\u00d3N 9-9-21 L&#8217;aforament per als actes del proper diumenge 12 de setembre est\u00e0 complet. En cas de pluja, els actes es traslladarien a la Societat Cultural i Recreativa Bisbalenca. El &hellip; <a href=\"https:\/\/bisbalpenedes.com\/web\/2021\/09\/06\/actes-en-el-marc-de-la-diada-nacional-de-catalunya\/\" class=\"more-link\">Read More<\/a><\/p>\n","protected":false},"author":4,"featured_media":19052,"comment_status":"closed","ping_status":"closed","sticky":false,"template":"","format":"standard","meta":[],"categories":[13,8],"tags":[4018],"_links":{"self":[{"href":"https:\/\/bisbalpenedes.com\/web\/wp-json\/wp\/v2\/posts\/19051"}],"collection":[{"href":"https:\/\/bisbalpenedes.com\/web\/wp-json\/wp\/v2\/posts"}],"about":[{"href":"https:\/\/bisbalpenedes.com\/web\/wp-json\/wp\/v2\/types\/post"}],"author":[{"embeddable":true,"href":"https:\/\/bisbalpenedes.com\/web\/wp-json\/wp\/v2\/users\/4"}],"replies":[{"embeddable":true,"href":"https:\/\/bisbalpenedes.com\/web\/wp-json\/wp\/v2\/comments?post=19051"}],"version-history":[{"count":4,"href":"https:\/\/bisbalpenedes.com\/web\/wp-json\/wp\/v2\/posts\/19051\/revisions"}],"predecessor-version":[{"id":19098,"href":"https:\/\/bisbalpenedes.com\/web\/wp-json\/wp\/v2\/posts\/19051\/revisions\/19098"}],"wp:featuredmedia":[{"embeddable":true,"href":"https:\/\/bisbalpenedes.com\/web\/wp-json\/wp\/v2\/media\/19052"}],"wp:attachment":[{"href":"https:\/\/bisbalpenedes.com\/web\/wp-json\/wp\/v2\/media?parent=19051"}],"wp:term":[{"taxonomy":"category","embeddable":true,"href":"https:\/\/bisbalpenedes.com\/web\/wp-json\/wp\/v2\/categories?post=19051"},{"taxonomy":"post_tag","embeddable":true,"href":"https:\/\/bisbalpenedes.com\/web\/wp-json\/wp\/v2\/tags?post=19051"}],"curies":[{"name":"wp","href":"https:\/\/api.w.org\/{rel}","templated":true}]}}