{"id":19041,"date":"2021-09-03T16:22:20","date_gmt":"2021-09-03T14:22:20","guid":{"rendered":"https:\/\/bisbalpenedes.com\/web\/?p=19041"},"modified":"2021-09-03T16:41:45","modified_gmt":"2021-09-03T14:41:45","slug":"19041","status":"publish","type":"post","link":"https:\/\/bisbalpenedes.com\/web\/2021\/09\/03\/19041\/","title":{"rendered":"La Plataforma NO A LA MAT recollir\u00e0 signatures contra la l\u00ednia de Molt Alta Tensi\u00f3 el dilluns 6 de setembre al CMC de la Bisbal del Pened\u00e8s"},"content":{"rendered":"\n<p>El passat 30 de juliol l\u2019Ajuntament de la Bisbal del Pened\u00e8s va rebre l\u2019anunci mitjan\u00e7ant el qual s\u2019informava que se sotmet a informaci\u00f3 p\u00fablica el projecte per construir un conjunt de parcs e\u00f2lics a l\u2019Arag\u00f3 i la corresponent infraestructura per transportar l\u2019energia produ\u00efda a trav\u00e9s d\u2019una l\u00ednia de molt alta tensi\u00f3 (MAT) que travessar\u00e0 diferents comarques i passar\u00e0 pel municipi de La Bisbal del Pened\u00e8s per portar energia a l\u2019\u00e0rea metropolitana de Barcelona.<\/p>\n\n\n\n<p>Es tracta d\u2019un projecte que preveu l\u2019estesa de 9.833,39 metres de l\u00ednia corrent trif\u00e0sica a\u00e8ria a trav\u00e9s de 27 torres (de fins a 70 metres d\u2019al\u00e7ada) al nostre municipi. L\u2019Ajuntament s\u2019oposa a aquest projecte i aix\u00ed va fer-se pal\u00e8s el passat 30 d\u2019agost, quan el <a href=\"https:\/\/bisbalpenedes.com\/web\/2021\/08\/31\/aquest-dilluns-30-dagost-ha-tingut-lloc-un-ple-extraordinari-a-lajuntament-de-la-bisbal-del-penedes\/\" target=\"_blank\" rel=\"noreferrer noopener\">Ple extraordinari<\/a> \u00a0de la Corporaci\u00f3 va aprovar per unanimitat el manifest per derogar la MAT \u201cCl\u00faster Begues\u201d.<\/p>\n\n\n\n<p>L\u2019Ajuntament de la Bisbal del Pened\u00e8s t\u00e9 fins al 10 de setembre per presentar al\u00b7legacions i est\u00e0 treballant en la preparaci\u00f3 d\u2019aquestes. A m\u00e9s, est\u00e0 pendent de rebre la pr\u00f2rroga de quinze dies m\u00e9s que ha sol\u00b7licitat. Mentrestant la regidora d\u2019Agricultura s\u2019anir\u00e0 reunint amb els propietaris de les parcel\u00b7les afectades per aquesta l\u00ednia MAT, per donar-los m\u00e9s informaci\u00f3.<\/p>\n\n\n\n<p><strong>PRESENTACI\u00d3 D\u2019AL\u00b7LEGACIONS PER PART DELS PARTICULARS<\/strong><\/p>\n\n\n\n<p>Des de l\u2019Ajuntament de la Bisbal del Pened\u00e8s us animem a cercar informaci\u00f3 sobre els riscos i amenaces que suposar\u00e0 l\u2019estesa de la MAT i, si ho creieu oport\u00fa, que presenteu al\u00b7legacions com a persones f\u00edsiques (particulars). En aquest sentit, <strong>la Plataforma NO A LA MAT de la Bisbal del Pened\u00e8s estar\u00e0 el dilluns 6 de setembre, de 17h a 20h, al CMC, i comptar\u00e0 amb exemplars del model d\u2019al\u00b7legacions perqu\u00e8 els pugueu recollir i emplenar.<\/strong><\/p>\n\n\n\n<p><strong>PROCEDIMENT PER PRESENTAR EL MODEL D\u2019AL\u00b7LEGACIONS<\/strong><\/p>\n\n\n\n<p>El procediment per presentar l\u2019al\u00b7legaci\u00f3 \u00e9s entrar-la, per registre d\u2019entrada, a l\u2019Ajuntament de la Bisbal del Pened\u00e8s (en persona en horari d\u2019oficina o per via telem\u00e0tica), entrant el model d\u2019al\u00b7legacions emplenat i signat, acompanyat d\u2019una c\u00f2pia del DNI.<\/p>\n\n\n\n<p>Podeu descarregar-vos el model fent clic <a href=\"https:\/\/bisbalpenedes.com\/web\/wp-content\/uploads\/2021\/09\/MODEL-AL\u00b7LEGACIONS-BAIX-PENEDE\u0300S-CASTELLA\u0300.docx\" target=\"_blank\" rel=\"noreferrer noopener\">aqu\u00ed.<\/a><\/p>\n\n\n\n<p>El termini per presentar les al\u00b7legacions finalitza el dimecres 29 de setembre, per\u00f2 us demanem que ens les feu arribar fins al 28 de setembre, ja que el dimecres 29 de setembre \u00e9s la data en qu\u00e8 l\u2019Ajuntament les far\u00e0 arribar a la Subdelegaci\u00f3 del govern.<\/p>\n\n\n\n<p>M\u00e9s enll\u00e0 de les al\u00b7legacions que presenteu les persones f\u00edsiques, l\u2019Ajuntament convocar\u00e0 una reuni\u00f3 informativa poperament amb l\u2019objectiu d\u2019explicar les al\u00b7legacions que presentarem des de l\u2019Ajuntament de la Bisbal del Pened\u00e8s.<\/p>\n\n\n\n<hr class=\"wp-block-separator\"\/>\n\n\n\n<p><strong>CASTELLANO |<\/strong>El pasado 30 de julio el Ayuntamiento de la Bisbal del Pened\u00e8s recibi\u00f3 el anuncio mediante el cual se informaba que se somete a informaci\u00f3n p\u00fablica el proyecto para construir un conjunto de parques e\u00f3licos en Arag\u00f3n y la correspondiente infraestructura para transportar la energ\u00eda producida a trav\u00e9s de una l\u00ednea de muy alta tensi\u00f3n (MAT) que atravesar\u00e1 distintas comarcas y pasar\u00e1 por el municipio de La Bisbal del Pened\u00e8s para llevar energ\u00eda al \u00e1rea metropolitana de Barcelona.<\/p>\n\n\n\n<p>Se trata de un proyecto que prev\u00e9 el tendido de 9.833,39 metros de l\u00ednea corriente trif\u00e1sica a\u00e9rea a trav\u00e9s de 27 torres (de hasta 70 metros de altura) en nuestro municipio. El Ayuntamiento se opone a este proyecto y as\u00ed se hizo patente el pasado 30 de agosto, cuando el <a href=\"https:\/\/bisbalpenedes.com\/web\/2021\/08\/31\/aquest-dilluns-30-dagost-ha-tingut-lloc-un-ple-extraordinari-a-lajuntament-de-la-bisbal-del-penedes\/\" target=\"_blank\" rel=\"noreferrer noopener\">Pleno extraordinario<\/a> de la Corporaci\u00f3n aprob\u00f3 por unanimidad el manifiesto para derogar la MAT \u201cCl\u00faster Begues\u201d.<\/p>\n\n\n\n<p>El Ayuntamiento de la Bisbal del Pened\u00e8s tiene hasta el 10 de septiembre para presentar alegaciones y est\u00e1 trabajando en la preparaci\u00f3n de las mismas. Adem\u00e1s, est\u00e1 pendiente de recibir la pr\u00f3rroga de quince d\u00edas m\u00e1s que ha solicitado. Al mismo tiempo, la concejala de Agricultura se ir\u00e1 reuniendo con los propietarios de las parcelas afectadas por esta l\u00ednea MAT, para darles m\u00e1s informaci\u00f3n.<\/p>\n\n\n\n<p><strong>PRESENTACI\u00d3N DE ALEGACIONES POR PARTE DE LOS PARTICULARES<\/strong><\/p>\n\n\n\n<p>Desde el Ayuntamiento de la Bisbal del Pened\u00e8s os animamos a buscar informaci\u00f3n sobre los riesgos y amenazas que supondr\u00e1 el tendido de la MAT y, si lo cre\u00e9is oportuno, que present\u00e9is alegaciones como personas f\u00edsicas (particulares). En este sentido, <strong>la Plataforma NO A LA MAT de la Bisbal del Pened\u00e8s estar\u00e1 el lunes 6 de septiembre, de 17h a 20h, en el CMC, y contar\u00e1 con ejemplares del modelo de alegaciones para que los pod\u00e1is recoger y rellenar.<\/strong><\/p>\n\n\n\n<p><strong>PROCEDIMIENTO PARA PRESENTAR EL MODELO DE ALEGACIONES<\/strong><\/p>\n\n\n\n<p>El procedimiento para presentar la alegaci\u00f3n es entrarla por registro de entrada, en el Ayuntamiento de la Bisbal del Pened\u00e8s (en persona en horario de oficina o por v\u00eda telem\u00e1tica), entrando el modelo de alegaciones cumplimentado y firmado, acompa\u00f1ado de una copia del DNI.<\/p>\n\n\n\n<p>Pod\u00e9is descargaros el modelo haciendo clic <a href=\"https:\/\/bisbalpenedes.com\/web\/wp-content\/uploads\/2021\/09\/MODEL-AL\u00b7LEGACIONS-BAIX-PENEDE\u0300S-CASTELLA\u0300.docx\" target=\"_blank\" rel=\"noreferrer noopener\">aqu\u00ed.<\/a><\/p>\n\n\n\n<p>El plazo para presentar alegaciones finaliza el mi\u00e9rcoles 29 de septiembre, pero os pedimos que nos las hag\u00e1is llegar hasta el 28 de septiembre, ya que el mi\u00e9rcoles 29 de septiembre es la fecha en la que el Ayuntamiento se las har\u00e1 llegar a la Subdelegaci\u00f3n del gobierno.<\/p>\n\n\n\n<p>M\u00e1s all\u00e1 de las alegaciones que present\u00e9is las personas f\u00edsicas, el Ayuntamiento convocar\u00e1 una reuni\u00f3n informativa pr\u00f3ximamente con el objetivo de explicar las alegaciones que presentaremos desde el Ayuntamiento de la Bisbal del Pened\u00e8s.&nbsp;<\/p>\n","protected":false},"excerpt":{"rendered":"<p>El passat 30 de juliol l\u2019Ajuntament de la Bisbal del Pened\u00e8s va rebre l\u2019anunci mitjan\u00e7ant el qual s\u2019informava que se sotmet a informaci\u00f3 p\u00fablica el projecte per construir un conjunt &hellip; <a href=\"https:\/\/bisbalpenedes.com\/web\/2021\/09\/03\/19041\/\" class=\"more-link\">Read More<\/a><\/p>\n","protected":false},"author":4,"featured_media":19043,"comment_status":"closed","ping_status":"closed","sticky":false,"template":"","format":"standard","meta":[],"categories":[8],"tags":[4759,4758],"_links":{"self":[{"href":"https:\/\/bisbalpenedes.com\/web\/wp-json\/wp\/v2\/posts\/19041"}],"collection":[{"href":"https:\/\/bisbalpenedes.com\/web\/wp-json\/wp\/v2\/posts"}],"about":[{"href":"https:\/\/bisbalpenedes.com\/web\/wp-json\/wp\/v2\/types\/post"}],"author":[{"embeddable":true,"href":"https:\/\/bisbalpenedes.com\/web\/wp-json\/wp\/v2\/users\/4"}],"replies":[{"embeddable":true,"href":"https:\/\/bisbalpenedes.com\/web\/wp-json\/wp\/v2\/comments?post=19041"}],"version-history":[{"count":4,"href":"https:\/\/bisbalpenedes.com\/web\/wp-json\/wp\/v2\/posts\/19041\/revisions"}],"predecessor-version":[{"id":19048,"href":"https:\/\/bisbalpenedes.com\/web\/wp-json\/wp\/v2\/posts\/19041\/revisions\/19048"}],"wp:featuredmedia":[{"embeddable":true,"href":"https:\/\/bisbalpenedes.com\/web\/wp-json\/wp\/v2\/media\/19043"}],"wp:attachment":[{"href":"https:\/\/bisbalpenedes.com\/web\/wp-json\/wp\/v2\/media?parent=19041"}],"wp:term":[{"taxonomy":"category","embeddable":true,"href":"https:\/\/bisbalpenedes.com\/web\/wp-json\/wp\/v2\/categories?post=19041"},{"taxonomy":"post_tag","embeddable":true,"href":"https:\/\/bisbalpenedes.com\/web\/wp-json\/wp\/v2\/tags?post=19041"}],"curies":[{"name":"wp","href":"https:\/\/api.w.org\/{rel}","templated":true}]}}