{"id":19034,"date":"2021-09-02T13:34:35","date_gmt":"2021-09-02T11:34:35","guid":{"rendered":"https:\/\/bisbalpenedes.com\/web\/?p=19034"},"modified":"2021-09-02T13:34:35","modified_gmt":"2021-09-02T11:34:35","slug":"la-regidoria-de-la-gent-gran-ha-participat-aquest-dimecres-1-de-setembre-en-una-formacio-organitzada-des-de-la-xarxa-dambaixadors-del-bon-tracte","status":"publish","type":"post","link":"https:\/\/bisbalpenedes.com\/web\/2021\/09\/02\/la-regidoria-de-la-gent-gran-ha-participat-aquest-dimecres-1-de-setembre-en-una-formacio-organitzada-des-de-la-xarxa-dambaixadors-del-bon-tracte\/","title":{"rendered":"La Regidoria de la Gent Gran ha participat aquest dimecres 1 de setembre en una formaci\u00f3 organitzada des de la Xarxa d&#8217;Ambaixadors del Bon Tracte"},"content":{"rendered":"\n<p>La regidora de la Gent Gran, Paqui Cepas, ha participat aquest dimecres 1 de setembre en una formaci\u00f3 organitzada des de la xarxa d&#8217;Ambaixadors del Bon Tracte. L&#8217;acci\u00f3 estava destinada a persones d&#8217;arreu de la demarcaci\u00f3 que treballen o estan en contacte directe amb el sector de la gent gran. En la trobada, que ha tingut lloc a l&#8217;Esplai del\u00a0\u00a0T\u00edvoli (El Vendrell), s&#8217;ha treballat l&#8217;\u00fas de l&#8217;aplicaci\u00f3 CatSalut per, posteriorment, transmetre aquesta informaci\u00f3 a les persones grans, amb l&#8217;objectiu de disminuir la bretxa digital entre la poblaci\u00f3, que s&#8217;ha vist agreujada a partir de la pand\u00e8mia.<\/p>\n\n\n\n<p>L&#8217;Ajuntament de la Bisbal del Pened\u00e8s forma part de la xarxa d&#8217;Ambaixadors del Bon Tracte des de passat mes de juny i el passat mes de juliol el nostre municipi va acollir una de les trobades del col\u00b7lectiu.<\/p>\n\n\n\n<hr class=\"wp-block-separator\"\/>\n\n\n\n<p>La concejal\u00eda de la Gente Mayor, Paqui Cepas, ha participado este mi\u00e9rcoles 1 de septiembre en una formaci\u00f3n organizada desde la red de Embajadores del Buen Trato. La acci\u00f3n estaba destinada a personas de toda la demarcaci\u00f3n que trabajan o est\u00e1n en contacto directo con la gente mayor. En la reuni\u00f3n, que ha tenido lugar el l&#8217;Esplai del T\u00edvoli (El Vendrell), se ha trabajado el uso de la aplicaci\u00f3n CatSalut para, posteriormente, transmitir esta formaci\u00f3n a las personas mayores, con el objetivo de disminuir la brecha digital entre la poblaci\u00f3n, que se ha visto agravada a partir de la pandemia.\u00a0<\/p>\n\n\n\n<p>El Ayuntamiento de la Bisbal del Pened\u00e8s forma parte de la red de Embajadores del Buen trato desde el pasado mes de junio y el pasado mes de julio nuestro municipio acogi\u00f3 uno de los encuentros del colectivo.<\/p>\n","protected":false},"excerpt":{"rendered":"<p>La regidora de la Gent Gran, Paqui Cepas, ha participat aquest dimecres 1 de setembre en una formaci\u00f3 organitzada des de la xarxa d&#8217;Ambaixadors del Bon Tracte. L&#8217;acci\u00f3 estava destinada &hellip; <a href=\"https:\/\/bisbalpenedes.com\/web\/2021\/09\/02\/la-regidoria-de-la-gent-gran-ha-participat-aquest-dimecres-1-de-setembre-en-una-formacio-organitzada-des-de-la-xarxa-dambaixadors-del-bon-tracte\/\" class=\"more-link\">Read More<\/a><\/p>\n","protected":false},"author":4,"featured_media":19035,"comment_status":"closed","ping_status":"closed","sticky":false,"template":"","format":"standard","meta":[],"categories":[464,3088,8],"tags":[4756,305,393,4755],"_links":{"self":[{"href":"https:\/\/bisbalpenedes.com\/web\/wp-json\/wp\/v2\/posts\/19034"}],"collection":[{"href":"https:\/\/bisbalpenedes.com\/web\/wp-json\/wp\/v2\/posts"}],"about":[{"href":"https:\/\/bisbalpenedes.com\/web\/wp-json\/wp\/v2\/types\/post"}],"author":[{"embeddable":true,"href":"https:\/\/bisbalpenedes.com\/web\/wp-json\/wp\/v2\/users\/4"}],"replies":[{"embeddable":true,"href":"https:\/\/bisbalpenedes.com\/web\/wp-json\/wp\/v2\/comments?post=19034"}],"version-history":[{"count":1,"href":"https:\/\/bisbalpenedes.com\/web\/wp-json\/wp\/v2\/posts\/19034\/revisions"}],"predecessor-version":[{"id":19036,"href":"https:\/\/bisbalpenedes.com\/web\/wp-json\/wp\/v2\/posts\/19034\/revisions\/19036"}],"wp:featuredmedia":[{"embeddable":true,"href":"https:\/\/bisbalpenedes.com\/web\/wp-json\/wp\/v2\/media\/19035"}],"wp:attachment":[{"href":"https:\/\/bisbalpenedes.com\/web\/wp-json\/wp\/v2\/media?parent=19034"}],"wp:term":[{"taxonomy":"category","embeddable":true,"href":"https:\/\/bisbalpenedes.com\/web\/wp-json\/wp\/v2\/categories?post=19034"},{"taxonomy":"post_tag","embeddable":true,"href":"https:\/\/bisbalpenedes.com\/web\/wp-json\/wp\/v2\/tags?post=19034"}],"curies":[{"name":"wp","href":"https:\/\/api.w.org\/{rel}","templated":true}]}}