{"id":19022,"date":"2021-08-31T11:10:19","date_gmt":"2021-08-31T09:10:19","guid":{"rendered":"https:\/\/bisbalpenedes.com\/web\/?p=19022"},"modified":"2021-08-31T11:21:02","modified_gmt":"2021-08-31T09:21:02","slug":"de-l1-al-28-de-setembre-sexposen-al-public-les-bases-per-poder-convocar-el-concurs-del-servei-de-bar-i-botiga-del-local-social-de-can-gordei","status":"publish","type":"post","link":"https:\/\/bisbalpenedes.com\/web\/2021\/08\/31\/de-l1-al-28-de-setembre-sexposen-al-public-les-bases-per-poder-convocar-el-concurs-del-servei-de-bar-i-botiga-del-local-social-de-can-gordei\/","title":{"rendered":"De l\u20191 al 28 de setembre s\u2019exposen al p\u00fablic les bases per poder convocar el concurs del servei de bar i botiga del local social de Can Gordei"},"content":{"rendered":"\n<p>De l\u20191 al 28 de setembre, ambd\u00f3s inclosos, s\u2019exposen al p\u00fablic les bases per poder convocar el concurs del servei de bar i botiga del local social de Can Gordei. Els interessats podeu consultar els requisits i preparar la documentaci\u00f3 mentrestant, ja que en cas que no hi hagi al\u00b7legacions aquestes s\u00f3n les bases que regiran la convocat\u00f2ria.<\/p>\n\n\n\n<p>L\u2019Ajuntament de la Bisbal del Pened\u00e8s informa que, per a qualsevol dubte o aclariment sobre les bases, us podeu adre\u00e7ar a la regidora d\u2019Atenci\u00f3 Ciutadana, Paqui Cepas (<a href=\"mailto:paqui@bisbalpenedes.com\">paqui@bisbalpenedes.com<\/a>) o a l\u2019alcaldessa de la Bisbal del Pened\u00e8s, Agn\u00e8s Ferr\u00e9, mitjan\u00e7ant el Whatsapp 684 41 68 43.<\/p>\n\n\n\n<p>Enlla\u00e7os:<\/p>\n\n\n\n<p>Anunci al BOPT: <a href=\"https:\/\/www.diputaciodetarragona.cat\/ebop\/index.php?op=dwn&amp;tipus=i&amp;data=20210831&amp;anyp=2021&amp;num=07818&amp;v=i\">https:\/\/www.diputaciodetarragona.cat\/ebop\/index.php?op=dwn&amp;tipus=i&amp;data=20210831&amp;anyp=2021&amp;num=07818&amp;v=i<\/a><\/p>\n\n\n\n<p>Anunci al tauler d\u2019anuncis de la Seu Electr\u00f2nica: <a href=\"https:\/\/bisbalpenedes.eadministracio.cat\/info.0\">https:\/\/bisbalpenedes.eadministracio.cat\/info.0<\/a><\/p>\n\n\n\n<p>Bases: <a href=\"https:\/\/bisbalpenedes.com\/web\/wp-content\/uploads\/2021\/08\/Bases-local-Can-Gordei-2021.pdf\">https:\/\/bisbalpenedes.com\/web\/wp-content\/uploads\/2021\/08\/Bases-local-Can-Gordei-2021.pdf<\/a><\/p>\n\n\n\n<hr class=\"wp-block-separator\"\/>\n\n\n\n<p><strong>CASTELLANO | <\/strong>Del 1 al 28 de septiembre, ambos incluidos, se exponen al p\u00fablico las bases para poder convocar el concurso del servicio de bar y tienda del local social de Can Gordei. Los interesados pod\u00e9is consultar los requisitos y preparar la documentaci\u00f3n mientras est\u00e1n en exposici\u00f3n p\u00fablica, ya que en caso de que no haya alegaciones estas son las bases que regir\u00e1n la convocatoria.<\/p>\n\n\n\n<p>El Ayuntamiento de la Bisbal del Pened\u00e8s informa de que, para cualquier duda o aclaraci\u00f3n sobre las bases, os pod\u00e9is dirigir a la concejala de Atenci\u00f3n Ciudadana, Paqui Cepas (<a href=\"mailto:paqui@bisbalpenedes.com\">paqui@bisbalpenedes.com<\/a>) o a la alcaldesa de la Bisbal del Pened\u00e8s, Agn\u00e8s Ferr\u00e9, mediante el Whatsapp 684 41 68 43.<\/p>\n\n\n\n<p>Enlaces:<\/p>\n\n\n\n<p>Anuncio en el BOPT: <a href=\"https:\/\/www.diputaciodetarragona.cat\/ebop\/index.php?op=dwn&amp;tipus=i&amp;data=20210831&amp;anyp=2021&amp;num=07818&amp;v=i\">https:\/\/www.diputaciodetarragona.cat\/ebop\/index.php?op=dwn&amp;tipus=i&amp;data=20210831&amp;anyp=2021&amp;num=07818&amp;v=i<\/a><\/p>\n\n\n\n<p>Anuncio en el tabl\u00f3n de anuncios de la Sede Electr\u00f3nica: <a href=\"https:\/\/bisbalpenedes.eadministracio.cat\/info.0\">https:\/\/bisbalpenedes.eadministracio.cat\/info.0<\/a><\/p>\n\n\n\n<p>Bases: <a href=\"https:\/\/bisbalpenedes.com\/web\/wp-content\/uploads\/2021\/08\/Bases-local-Can-Gordei-2021.pdf\">https:\/\/bisbalpenedes.com\/web\/wp-content\/uploads\/2021\/08\/Bases-local-Can-Gordei-2021.pdf<\/a><\/p>\n","protected":false},"excerpt":{"rendered":"<p>De l\u20191 al 28 de setembre, ambd\u00f3s inclosos, s\u2019exposen al p\u00fablic les bases per poder convocar el concurs del servei de bar i botiga del local social de Can Gordei. &hellip; <a href=\"https:\/\/bisbalpenedes.com\/web\/2021\/08\/31\/de-l1-al-28-de-setembre-sexposen-al-public-les-bases-per-poder-convocar-el-concurs-del-servei-de-bar-i-botiga-del-local-social-de-can-gordei\/\" class=\"more-link\">Read More<\/a><\/p>\n","protected":false},"author":4,"featured_media":19027,"comment_status":"closed","ping_status":"closed","sticky":false,"template":"","format":"standard","meta":[],"categories":[3125,1628,8],"tags":[4742,4743,393,267,4754],"_links":{"self":[{"href":"https:\/\/bisbalpenedes.com\/web\/wp-json\/wp\/v2\/posts\/19022"}],"collection":[{"href":"https:\/\/bisbalpenedes.com\/web\/wp-json\/wp\/v2\/posts"}],"about":[{"href":"https:\/\/bisbalpenedes.com\/web\/wp-json\/wp\/v2\/types\/post"}],"author":[{"embeddable":true,"href":"https:\/\/bisbalpenedes.com\/web\/wp-json\/wp\/v2\/users\/4"}],"replies":[{"embeddable":true,"href":"https:\/\/bisbalpenedes.com\/web\/wp-json\/wp\/v2\/comments?post=19022"}],"version-history":[{"count":1,"href":"https:\/\/bisbalpenedes.com\/web\/wp-json\/wp\/v2\/posts\/19022\/revisions"}],"predecessor-version":[{"id":19023,"href":"https:\/\/bisbalpenedes.com\/web\/wp-json\/wp\/v2\/posts\/19022\/revisions\/19023"}],"wp:featuredmedia":[{"embeddable":true,"href":"https:\/\/bisbalpenedes.com\/web\/wp-json\/wp\/v2\/media\/19027"}],"wp:attachment":[{"href":"https:\/\/bisbalpenedes.com\/web\/wp-json\/wp\/v2\/media?parent=19022"}],"wp:term":[{"taxonomy":"category","embeddable":true,"href":"https:\/\/bisbalpenedes.com\/web\/wp-json\/wp\/v2\/categories?post=19022"},{"taxonomy":"post_tag","embeddable":true,"href":"https:\/\/bisbalpenedes.com\/web\/wp-json\/wp\/v2\/tags?post=19022"}],"curies":[{"name":"wp","href":"https:\/\/api.w.org\/{rel}","templated":true}]}}