{"id":19010,"date":"2021-08-30T10:15:08","date_gmt":"2021-08-30T08:15:08","guid":{"rendered":"https:\/\/bisbalpenedes.com\/web\/?p=19010"},"modified":"2021-08-30T10:15:08","modified_gmt":"2021-08-30T08:15:08","slug":"lautopista-ap2-deixara-de-ser-de-pagament-a-partir-de-l1-de-setembre","status":"publish","type":"post","link":"https:\/\/bisbalpenedes.com\/web\/2021\/08\/30\/lautopista-ap2-deixara-de-ser-de-pagament-a-partir-de-l1-de-setembre\/","title":{"rendered":"L\u2019autopista AP2 deixar\u00e0 de ser de pagament a partir de l\u20191 de setembre"},"content":{"rendered":"\n<p>L\u20191 de setembre l\u2019autopista AP2 deixar\u00e0 de ser de pagament, ja que finalitza el contracte concessional d\u2019Autopistats Concesionaria Espa\u00f1ola SAU, corresponent a l\u2019explotaci\u00f3 i conservaci\u00f3 de l\u2019autopista de peatge AP2, Saragossa-Mediterrani, que passa per la Bisbal del Pened\u00e8s amb acc\u00e9s i sortida al municipi.<\/p>\n\n\n\n<p>La titularitat de l\u2019autopista, a partir d\u2019aquesta data, passa a ser del Ministeri de Transports, Mobilitat i Agenda Urbana.<\/p>\n\n\n\n<p>L\u2019alcaldessa de la Bisbal del Pened\u00e8s, Agn\u00e8s Ferr\u00e9, ha explicat que \u201cl\u2019empresa concession\u00e0ria abonava a l\u2019Ajuntament, com a Impost sobre B\u00e9ns immobles de caracter\u00edstiques especials, 158.537,84\u20ac anuals pel pas de l\u2019AP2 pel municipi, un impost que nom\u00e9s s\u2019ha cobrat des del 2016, ja que abans comptaven amb una bonificaci\u00f3 del 95% de l\u2019IBI. A partir del 2022 es deixar\u00e0 de cobrar aquest impost, per\u00f2 en contrapartida, els usuaris podran utilitzar l\u2019AP2 de forma gratu\u00efta\u201d.<\/p>\n\n\n\n<hr class=\"wp-block-separator\"\/>\n\n\n\n<p>El 1 de septiembre la autopista AP2 dejar\u00e1 de ser de pago, ya que finaliza el contrato concesional de Autopistas Concesionaria Espa\u00f1ola SAU, correspondiente a la explotaci\u00f3n y conservaci\u00f3n de la autopista de peaje AP2, Zaragoza-Mediterr\u00e1neo, que pasa por la Bisbal del Pened\u00e8s con acceso y salida en el municipio.<\/p>\n\n\n\n<p>La titularidad de la autopista, a partir de esta fecha, pasa a ser del ministerio de Transportes, Movilidad y Agenda Urbana.<\/p>\n\n\n\n<p>La alcaldesa de la Bisbal del Pened\u00e8s, Agn\u00e8s Ferr\u00e9, ha explicado que \u201cla empresa concesionaria abonaba al Ayuntamiento, como Impuesto de Bienes Inmuebles de caracter\u00edsticas especiales, 158.537,84\u20ac anuales por el paso de la AP2 por el municipio, un impuesto que solamente se ha cobrado desde el 2016, ya que antes contaban con una bonificaci\u00f3n del 95% del IBI. A partir del 2022 se dejar\u00e1 de cobrar este impuesto, pero como contrapartida, los usuarios podr\u00e1n utilizar la AP2 de forma gratuita\u201d.<\/p>\n","protected":false},"excerpt":{"rendered":"<p>L\u20191 de setembre l\u2019autopista AP2 deixar\u00e0 de ser de pagament, ja que finalitza el contracte concessional d\u2019Autopistats Concesionaria Espa\u00f1ola SAU, corresponent a l\u2019explotaci\u00f3 i conservaci\u00f3 de l\u2019autopista de peatge AP2, &hellip; <a href=\"https:\/\/bisbalpenedes.com\/web\/2021\/08\/30\/lautopista-ap2-deixara-de-ser-de-pagament-a-partir-de-l1-de-setembre\/\" class=\"more-link\">Read More<\/a><\/p>\n","protected":false},"author":4,"featured_media":19011,"comment_status":"closed","ping_status":"closed","sticky":false,"template":"","format":"standard","meta":[],"categories":[8],"tags":[449,450,2761,393],"_links":{"self":[{"href":"https:\/\/bisbalpenedes.com\/web\/wp-json\/wp\/v2\/posts\/19010"}],"collection":[{"href":"https:\/\/bisbalpenedes.com\/web\/wp-json\/wp\/v2\/posts"}],"about":[{"href":"https:\/\/bisbalpenedes.com\/web\/wp-json\/wp\/v2\/types\/post"}],"author":[{"embeddable":true,"href":"https:\/\/bisbalpenedes.com\/web\/wp-json\/wp\/v2\/users\/4"}],"replies":[{"embeddable":true,"href":"https:\/\/bisbalpenedes.com\/web\/wp-json\/wp\/v2\/comments?post=19010"}],"version-history":[{"count":1,"href":"https:\/\/bisbalpenedes.com\/web\/wp-json\/wp\/v2\/posts\/19010\/revisions"}],"predecessor-version":[{"id":19012,"href":"https:\/\/bisbalpenedes.com\/web\/wp-json\/wp\/v2\/posts\/19010\/revisions\/19012"}],"wp:featuredmedia":[{"embeddable":true,"href":"https:\/\/bisbalpenedes.com\/web\/wp-json\/wp\/v2\/media\/19011"}],"wp:attachment":[{"href":"https:\/\/bisbalpenedes.com\/web\/wp-json\/wp\/v2\/media?parent=19010"}],"wp:term":[{"taxonomy":"category","embeddable":true,"href":"https:\/\/bisbalpenedes.com\/web\/wp-json\/wp\/v2\/categories?post=19010"},{"taxonomy":"post_tag","embeddable":true,"href":"https:\/\/bisbalpenedes.com\/web\/wp-json\/wp\/v2\/tags?post=19010"}],"curies":[{"name":"wp","href":"https:\/\/api.w.org\/{rel}","templated":true}]}}