{"id":1900,"date":"2016-12-22T18:50:01","date_gmt":"2016-12-22T12:50:01","guid":{"rendered":"http:\/\/bisbalpenedes.com\/web\/?p=1900"},"modified":"2016-12-22T18:51:05","modified_gmt":"2016-12-22T12:51:05","slug":"nadal-a-la-bisbal-del-penedes","status":"publish","type":"post","link":"https:\/\/bisbalpenedes.com\/web\/2016\/12\/22\/nadal-a-la-bisbal-del-penedes\/","title":{"rendered":"Nadal a la Bisbal del Pened\u00e8s"},"content":{"rendered":"<p>S\u2019acosta el Nadal, que \u00e9s temps de germanor, de fam\u00edlia i d\u2019il.lusi\u00f3.<br \/>\nEnguany tenim una programaci\u00f3 d\u2019aquestes festes amb moltes activitats i gran implicaci\u00f3 de les entitats i associacions bisbalenques.<br \/>\nUs animo a participar al m\u00e0xim possible dels diferents actes. I en especial convido als m\u00e9s menuts a fer un dibuix i que el deixin al patge per si s\u00f3n dels sis escollits a saludar els Reis al balc\u00f3 de l\u2019Ajuntament!<br \/>\nMolt Bon Nadal i un Feli\u00e7 Any Nou 2017!<br \/>\nAgn\u00e8s Ferr\u00e9 Ca\u00f1ellas. Alcaldessa<\/p>\n<p>Programa d&#8217;actes en format PDF<br \/>\n<a href='http:\/\/bisbalpenedes.com\/web\/wp-content\/uploads\/2016\/12\/programa_nadal_16_17_defi.pdf'>Programa de Nadal Ajuntament de la Bisbal 2016-17<\/a><\/p>\n<p>La nit de Nadal<br \/>\nel bosc s\u2019engalana;<br \/>\nels avets s\u2019estiren<br \/>\nper fer la sardana<br \/>\nentorn del Nad\u00f3.<br \/>\nUna soca vella<br \/>\nno pot afegir-s\u2019hi<br \/>\ni diu amb tristor:<br \/>\n\u2014Jo ja no s\u00f3c bona<br \/>\nper res; no tinc branques.<br \/>\nM\u00e9s, pel cel ressonen<br \/>\nles veuetes blanques<br \/>\ndels \u00e0ngels que diuen:<br \/>\n\u2014S\u00ed, que vals! no ploris!<br \/>\nser\u00e0s el ti\u00f3!<br \/>\nJoana Raspall<\/p>\n<p><a href=\"http:\/\/bisbalpenedes.com\/web\/wp-content\/uploads\/2016\/12\/poster_nadal_2016_17_a.jpg\"><img loading=\"lazy\" src=\"http:\/\/bisbalpenedes.com\/web\/wp-content\/uploads\/2016\/12\/poster_nadal_2016_17_a-723x1024.jpg\" alt=\"\" title=\"poster_nadal_2016_17_a\" width=\"630\" height=\"892\" class=\"alignleft size-large wp-image-1902\" srcset=\"https:\/\/bisbalpenedes.com\/web\/wp-content\/uploads\/2016\/12\/poster_nadal_2016_17_a-723x1024.jpg 723w, https:\/\/bisbalpenedes.com\/web\/wp-content\/uploads\/2016\/12\/poster_nadal_2016_17_a-600x849.jpg 600w, https:\/\/bisbalpenedes.com\/web\/wp-content\/uploads\/2016\/12\/poster_nadal_2016_17_a-212x300.jpg 212w, https:\/\/bisbalpenedes.com\/web\/wp-content\/uploads\/2016\/12\/poster_nadal_2016_17_a.jpg 1169w\" sizes=\"(max-width: 630px) 100vw, 630px\" \/><\/a><\/p>\n","protected":false},"excerpt":{"rendered":"<p>S\u2019acosta el Nadal, que \u00e9s temps de germanor, de fam\u00edlia i d\u2019il.lusi\u00f3. Enguany tenim una programaci\u00f3 d\u2019aquestes festes amb moltes activitats i gran implicaci\u00f3 de les entitats i associacions bisbalenques. &hellip; <a href=\"https:\/\/bisbalpenedes.com\/web\/2016\/12\/22\/nadal-a-la-bisbal-del-penedes\/\" class=\"more-link\">Read More<\/a><\/p>\n","protected":false},"author":1,"featured_media":1902,"comment_status":"closed","ping_status":"closed","sticky":false,"template":"","format":"standard","meta":[],"categories":[13],"tags":[95],"_links":{"self":[{"href":"https:\/\/bisbalpenedes.com\/web\/wp-json\/wp\/v2\/posts\/1900"}],"collection":[{"href":"https:\/\/bisbalpenedes.com\/web\/wp-json\/wp\/v2\/posts"}],"about":[{"href":"https:\/\/bisbalpenedes.com\/web\/wp-json\/wp\/v2\/types\/post"}],"author":[{"embeddable":true,"href":"https:\/\/bisbalpenedes.com\/web\/wp-json\/wp\/v2\/users\/1"}],"replies":[{"embeddable":true,"href":"https:\/\/bisbalpenedes.com\/web\/wp-json\/wp\/v2\/comments?post=1900"}],"version-history":[{"count":3,"href":"https:\/\/bisbalpenedes.com\/web\/wp-json\/wp\/v2\/posts\/1900\/revisions"}],"predecessor-version":[{"id":1904,"href":"https:\/\/bisbalpenedes.com\/web\/wp-json\/wp\/v2\/posts\/1900\/revisions\/1904"}],"wp:featuredmedia":[{"embeddable":true,"href":"https:\/\/bisbalpenedes.com\/web\/wp-json\/wp\/v2\/media\/1902"}],"wp:attachment":[{"href":"https:\/\/bisbalpenedes.com\/web\/wp-json\/wp\/v2\/media?parent=1900"}],"wp:term":[{"taxonomy":"category","embeddable":true,"href":"https:\/\/bisbalpenedes.com\/web\/wp-json\/wp\/v2\/categories?post=1900"},{"taxonomy":"post_tag","embeddable":true,"href":"https:\/\/bisbalpenedes.com\/web\/wp-json\/wp\/v2\/tags?post=1900"}],"curies":[{"name":"wp","href":"https:\/\/api.w.org\/{rel}","templated":true}]}}