{"id":18983,"date":"2021-08-27T20:28:00","date_gmt":"2021-08-27T18:28:00","guid":{"rendered":"https:\/\/bisbalpenedes.com\/web\/?p=18983"},"modified":"2021-08-27T20:28:00","modified_gmt":"2021-08-27T18:28:00","slug":"saproven-les-bases-per-poder-convocar-el-concurs-del-servei-de-bar-i-botiga-del-local-social-de-can-gordei","status":"publish","type":"post","link":"https:\/\/bisbalpenedes.com\/web\/2021\/08\/27\/saproven-les-bases-per-poder-convocar-el-concurs-del-servei-de-bar-i-botiga-del-local-social-de-can-gordei\/","title":{"rendered":"S\u2019aproven les bases per poder convocar el concurs del Servei de bar i botiga del local social de Can Gordei"},"content":{"rendered":"\n<p>L\u2019alcaldessa Agn\u00e8s Ferr\u00e9 ha signat, aquest divendres 27 d\u2019agost, un decret d\u2019alcaldia per aprovar les bases per poder convocar el concurs del servei de bar i botiga del local social de Can Gordei. Aquestes bases s\u2019han enviat al Butllet\u00ed Oficial de la Prov\u00edncia de Tarragona i estaran en exposici\u00f3 p\u00fablica -al BOPT- durant 20 dies h\u00e0bils.<\/p>\n\n\n\n<p>Una vegada finalitzat aquest termini, s\u2019aprovar\u00e0 la convocat\u00f2ria perqu\u00e8 totes les persones interessades puguin presentar-s\u2019hi durant un per\u00edode de 10 dies.<\/p>\n\n\n\n<p>Des de l\u2019Ajuntament informarem, a trav\u00e9s de les vies habituals, de la publicaci\u00f3 de la convocat\u00f2ria al BOPT perqu\u00e8 les persones interessades pugueu consultar els requisits, les condicions i la documentaci\u00f3 que ser\u00e0 necess\u00e0ria per presentar-s\u2019hi.<\/p>\n\n\n\n<hr class=\"wp-block-separator\"\/>\n\n\n\n<p><strong>CASTELLANO |&nbsp;<\/strong>La alcaldesa Agn\u00e8s Ferr\u00e9 ha firmado, este viernes 27 de agosto, un decreto de alcald\u00eda para aprobar las bases para poder convocar el concurso del servicio de bar y tienda del local social de Can Gordei. Estas bases se han enviado al Bolet\u00edn Oficial de la Provincia de Tarragona y estar\u00e1n en exposici\u00f3n p\u00fablica \u2013en el BOPT- durante 20 d\u00edas h\u00e1biles.<\/p>\n\n\n\n<p>Una vez finalizado este plazo, se aprobar\u00e1 la convocatoria para que todas las personas interesadas puedan presentarse a la misma durante un periodo de 10 d\u00edas.<\/p>\n\n\n\n<p>Desde el Ayuntamiento informaremos, a trav\u00e9s de las v\u00edas habituales, de la publicaci\u00f3n de la convocatoria en el BOPT para que las personas interesadas pod\u00e1is consultar los requisitos, las condiciones y la documentaci\u00f3n que ser\u00e1 necesaria para presentarse a dicha convocatoria.<\/p>\n","protected":false},"excerpt":{"rendered":"<p>L\u2019alcaldessa Agn\u00e8s Ferr\u00e9 ha signat, aquest divendres 27 d\u2019agost, un decret d\u2019alcaldia per aprovar les bases per poder convocar el concurs del servei de bar i botiga del local social &hellip; <a href=\"https:\/\/bisbalpenedes.com\/web\/2021\/08\/27\/saproven-les-bases-per-poder-convocar-el-concurs-del-servei-de-bar-i-botiga-del-local-social-de-can-gordei\/\" class=\"more-link\">Read More<\/a><\/p>\n","protected":false},"author":4,"featured_media":13645,"comment_status":"closed","ping_status":"closed","sticky":false,"template":"","format":"standard","meta":[],"categories":[2057,4287,8],"tags":[1252,4742,2227,4743,198,393,247],"_links":{"self":[{"href":"https:\/\/bisbalpenedes.com\/web\/wp-json\/wp\/v2\/posts\/18983"}],"collection":[{"href":"https:\/\/bisbalpenedes.com\/web\/wp-json\/wp\/v2\/posts"}],"about":[{"href":"https:\/\/bisbalpenedes.com\/web\/wp-json\/wp\/v2\/types\/post"}],"author":[{"embeddable":true,"href":"https:\/\/bisbalpenedes.com\/web\/wp-json\/wp\/v2\/users\/4"}],"replies":[{"embeddable":true,"href":"https:\/\/bisbalpenedes.com\/web\/wp-json\/wp\/v2\/comments?post=18983"}],"version-history":[{"count":2,"href":"https:\/\/bisbalpenedes.com\/web\/wp-json\/wp\/v2\/posts\/18983\/revisions"}],"predecessor-version":[{"id":18985,"href":"https:\/\/bisbalpenedes.com\/web\/wp-json\/wp\/v2\/posts\/18983\/revisions\/18985"}],"wp:featuredmedia":[{"embeddable":true,"href":"https:\/\/bisbalpenedes.com\/web\/wp-json\/wp\/v2\/media\/13645"}],"wp:attachment":[{"href":"https:\/\/bisbalpenedes.com\/web\/wp-json\/wp\/v2\/media?parent=18983"}],"wp:term":[{"taxonomy":"category","embeddable":true,"href":"https:\/\/bisbalpenedes.com\/web\/wp-json\/wp\/v2\/categories?post=18983"},{"taxonomy":"post_tag","embeddable":true,"href":"https:\/\/bisbalpenedes.com\/web\/wp-json\/wp\/v2\/tags?post=18983"}],"curies":[{"name":"wp","href":"https:\/\/api.w.org\/{rel}","templated":true}]}}