{"id":18977,"date":"2021-08-26T20:44:04","date_gmt":"2021-08-26T18:44:04","guid":{"rendered":"https:\/\/bisbalpenedes.com\/web\/?p=18977"},"modified":"2021-08-26T20:52:19","modified_gmt":"2021-08-26T18:52:19","slug":"el-dia-1-de-setembre-el-servei-de-bus-comunicara-lortigos-amb-el-vendrell-a-partir-del-dia-13-de-setembre-tambe-hi-fara-parada-el-bus-urba","status":"publish","type":"post","link":"https:\/\/bisbalpenedes.com\/web\/2021\/08\/26\/el-dia-1-de-setembre-el-servei-de-bus-comunicara-lortigos-amb-el-vendrell-a-partir-del-dia-13-de-setembre-tambe-hi-fara-parada-el-bus-urba\/","title":{"rendered":"El dia 1 de setembre el servei de bus comunicar\u00e0 l&#8217;Ortig\u00f3s amb El Vendrell &#8211; A partir del dia 13 de setembre tamb\u00e9 hi far\u00e0 parada el bus urb\u00e0"},"content":{"rendered":"\n<p>El dimecres 1 de setembre el nou servei de bus que comunica el nucli, les urbanitzacions i el Vendrell tamb\u00e9 far\u00e0 parada a l&#8217;Ortig\u00f3s, al davant de les cases de la carretera T-240 (que properament se senyalitzar\u00e0), ja que recentment ha arribat l&#8217;autoritzaci\u00f3 de la Generalitat de Catalunya.Amplieu la informaci\u00f3 a la imatge adjunta.<\/p>\n\n\n\n<p>Horaris: <a rel=\"noreferrer noopener\" href=\"https:\/\/bisbalpenedes.com\/web\/transports\/\" target=\"_blank\">https:\/\/bisbalpenedes.com\/web\/transports\/<\/a><\/p>\n\n\n\n<hr class=\"wp-block-separator\"\/>\n\n\n\n<p>L&#8217;ORTIG\u00d3S El mi\u00e9rcoles 1 de septiembre el nuevo servicio de bus que comunica el n\u00facleo, las urbanizaciones y el Vendrell tambi\u00e9n parar\u00e1 en l&#8217;Ortig\u00f3s, delante de las casas de la carretera T-240 (que pr\u00f3ximamente se se\u00f1alizar\u00e1), ya que recientemente ha llegado la autorizaci\u00f3n de la Generalitat de Catalunya. Ampliad la informaci\u00f3n en la imagen adjunta.<\/p>\n\n\n\n<p>Horarios: <a rel=\"noreferrer noopener\" href=\"https:\/\/bisbalpenedes.com\/web\/transports\" target=\"_blank\">https:\/\/bisbalpenedes.com\/web\/transports<\/a>\/<\/p>\n\n\n\n<figure class=\"wp-block-image size-large\"><img loading=\"lazy\" width=\"1024\" height=\"1024\" src=\"https:\/\/bisbalpenedes.com\/web\/wp-content\/uploads\/2021\/08\/BUS-URBA-ORTIGOS-SETEMBRE-21-2-1024x1024.png\" alt=\"\" class=\"wp-image-18979\" srcset=\"https:\/\/bisbalpenedes.com\/web\/wp-content\/uploads\/2021\/08\/BUS-URBA-ORTIGOS-SETEMBRE-21-2-1024x1024.png 1024w, https:\/\/bisbalpenedes.com\/web\/wp-content\/uploads\/2021\/08\/BUS-URBA-ORTIGOS-SETEMBRE-21-2-300x300.png 300w, https:\/\/bisbalpenedes.com\/web\/wp-content\/uploads\/2021\/08\/BUS-URBA-ORTIGOS-SETEMBRE-21-2-100x100.png 100w, https:\/\/bisbalpenedes.com\/web\/wp-content\/uploads\/2021\/08\/BUS-URBA-ORTIGOS-SETEMBRE-21-2-600x600.png 600w, https:\/\/bisbalpenedes.com\/web\/wp-content\/uploads\/2021\/08\/BUS-URBA-ORTIGOS-SETEMBRE-21-2-150x150.png 150w, https:\/\/bisbalpenedes.com\/web\/wp-content\/uploads\/2021\/08\/BUS-URBA-ORTIGOS-SETEMBRE-21-2-768x768.png 768w, https:\/\/bisbalpenedes.com\/web\/wp-content\/uploads\/2021\/08\/BUS-URBA-ORTIGOS-SETEMBRE-21-2.png 1080w\" sizes=\"(max-width: 1024px) 100vw, 1024px\" \/><\/figure>\n\n\n\n<figure class=\"wp-block-image size-large\"><img loading=\"lazy\" width=\"724\" height=\"1024\" src=\"https:\/\/bisbalpenedes.com\/web\/wp-content\/uploads\/2021\/04\/BUS-2021_ORTIGOS_INT-724x1024.jpg\" alt=\"\" class=\"wp-image-17467\" srcset=\"https:\/\/bisbalpenedes.com\/web\/wp-content\/uploads\/2021\/04\/BUS-2021_ORTIGOS_INT-724x1024.jpg 724w, https:\/\/bisbalpenedes.com\/web\/wp-content\/uploads\/2021\/04\/BUS-2021_ORTIGOS_INT-600x848.jpg 600w, https:\/\/bisbalpenedes.com\/web\/wp-content\/uploads\/2021\/04\/BUS-2021_ORTIGOS_INT-212x300.jpg 212w, https:\/\/bisbalpenedes.com\/web\/wp-content\/uploads\/2021\/04\/BUS-2021_ORTIGOS_INT-768x1086.jpg 768w, https:\/\/bisbalpenedes.com\/web\/wp-content\/uploads\/2021\/04\/BUS-2021_ORTIGOS_INT-1086x1536.jpg 1086w, https:\/\/bisbalpenedes.com\/web\/wp-content\/uploads\/2021\/04\/BUS-2021_ORTIGOS_INT-1448x2048.jpg 1448w, https:\/\/bisbalpenedes.com\/web\/wp-content\/uploads\/2021\/04\/BUS-2021_ORTIGOS_INT.jpg 1754w\" sizes=\"(max-width: 724px) 100vw, 724px\" \/><\/figure>\n","protected":false},"excerpt":{"rendered":"<p>El dimecres 1 de setembre el nou servei de bus que comunica el nucli, les urbanitzacions i el Vendrell tamb\u00e9 far\u00e0 parada a l&#8217;Ortig\u00f3s, al davant de les cases de &hellip; <a href=\"https:\/\/bisbalpenedes.com\/web\/2021\/08\/26\/el-dia-1-de-setembre-el-servei-de-bus-comunicara-lortigos-amb-el-vendrell-a-partir-del-dia-13-de-setembre-tambe-hi-fara-parada-el-bus-urba\/\" class=\"more-link\">Read More<\/a><\/p>\n","protected":false},"author":4,"featured_media":18978,"comment_status":"closed","ping_status":"closed","sticky":false,"template":"","format":"standard","meta":[],"categories":[3859,8,2711],"tags":[788,787,727,821,391,393,825,3355],"_links":{"self":[{"href":"https:\/\/bisbalpenedes.com\/web\/wp-json\/wp\/v2\/posts\/18977"}],"collection":[{"href":"https:\/\/bisbalpenedes.com\/web\/wp-json\/wp\/v2\/posts"}],"about":[{"href":"https:\/\/bisbalpenedes.com\/web\/wp-json\/wp\/v2\/types\/post"}],"author":[{"embeddable":true,"href":"https:\/\/bisbalpenedes.com\/web\/wp-json\/wp\/v2\/users\/4"}],"replies":[{"embeddable":true,"href":"https:\/\/bisbalpenedes.com\/web\/wp-json\/wp\/v2\/comments?post=18977"}],"version-history":[{"count":2,"href":"https:\/\/bisbalpenedes.com\/web\/wp-json\/wp\/v2\/posts\/18977\/revisions"}],"predecessor-version":[{"id":18981,"href":"https:\/\/bisbalpenedes.com\/web\/wp-json\/wp\/v2\/posts\/18977\/revisions\/18981"}],"wp:featuredmedia":[{"embeddable":true,"href":"https:\/\/bisbalpenedes.com\/web\/wp-json\/wp\/v2\/media\/18978"}],"wp:attachment":[{"href":"https:\/\/bisbalpenedes.com\/web\/wp-json\/wp\/v2\/media?parent=18977"}],"wp:term":[{"taxonomy":"category","embeddable":true,"href":"https:\/\/bisbalpenedes.com\/web\/wp-json\/wp\/v2\/categories?post=18977"},{"taxonomy":"post_tag","embeddable":true,"href":"https:\/\/bisbalpenedes.com\/web\/wp-json\/wp\/v2\/tags?post=18977"}],"curies":[{"name":"wp","href":"https:\/\/api.w.org\/{rel}","templated":true}]}}