{"id":18961,"date":"2020-10-03T10:45:00","date_gmt":"2020-10-03T08:45:00","guid":{"rendered":"https:\/\/bisbalpenedes.com\/web\/?p=18961"},"modified":"2021-08-25T18:50:30","modified_gmt":"2021-08-25T16:50:30","slug":"nova-entrega-de-les-pindoles-bisbalenques-una-fira-centenaria","status":"publish","type":"post","link":"https:\/\/bisbalpenedes.com\/web\/2020\/10\/03\/nova-entrega-de-les-pindoles-bisbalenques-una-fira-centenaria\/","title":{"rendered":"Nova entrega de les P\u00edndoles Bisbalenques: una fira centen\u00e0ria"},"content":{"rendered":"\n<p>Nova entrega sobre la hist\u00f2ria de la Bisbal: avui us convidem a fer un viatge cap a l\u2019origen de La Fira. Sabeu com i quan es va crear?Per descobrir altres festivitats, costums i tradicions de la Bisbal podeu consultar el llibre de Llu\u00eds Gil i Riambau \u201cLa vida quotidiana a la vila de la Bisbal del Pened\u00e8s. Mitjan segle XX&#8221;.<\/p>\n\n\n\n<hr class=\"wp-block-separator\"\/>\n\n\n\n<p>Nueva entrega sobre la historia de la Bisbal: hoy os invitamos a hacer un viaje hacia el origen de \u2018La Fira\u2019. \u00bfSab\u00e9is c\u00f3mo y cu\u00e1ndo se cre\u00f3?Para descubrir otros festejos, costumbres y tradiciones de la Bisbal pod\u00e9is consultar el libro de Llu\u00eds Gil Riambau \u201cLa vida quotidiana a la vila de la Bisbal del Pened\u00e8s. Mitjan segle XX&#8221;.<\/p>\n\n\n\n<figure class=\"wp-block-image size-large\"><img loading=\"lazy\" width=\"1024\" height=\"1024\" src=\"https:\/\/bisbalpenedes.com\/web\/wp-content\/uploads\/2021\/08\/75-1024x1024.png\" alt=\"\" class=\"wp-image-18963\" srcset=\"https:\/\/bisbalpenedes.com\/web\/wp-content\/uploads\/2021\/08\/75-1024x1024.png 1024w, https:\/\/bisbalpenedes.com\/web\/wp-content\/uploads\/2021\/08\/75-300x300.png 300w, https:\/\/bisbalpenedes.com\/web\/wp-content\/uploads\/2021\/08\/75-100x100.png 100w, https:\/\/bisbalpenedes.com\/web\/wp-content\/uploads\/2021\/08\/75-600x600.png 600w, https:\/\/bisbalpenedes.com\/web\/wp-content\/uploads\/2021\/08\/75-150x150.png 150w, https:\/\/bisbalpenedes.com\/web\/wp-content\/uploads\/2021\/08\/75-768x768.png 768w, https:\/\/bisbalpenedes.com\/web\/wp-content\/uploads\/2021\/08\/75.png 1080w\" sizes=\"(max-width: 1024px) 100vw, 1024px\" \/><\/figure>\n\n\n\n<figure class=\"wp-block-image size-large\"><img loading=\"lazy\" width=\"1024\" height=\"1024\" src=\"https:\/\/bisbalpenedes.com\/web\/wp-content\/uploads\/2021\/08\/76-1024x1024.png\" alt=\"\" class=\"wp-image-18964\" srcset=\"https:\/\/bisbalpenedes.com\/web\/wp-content\/uploads\/2021\/08\/76-1024x1024.png 1024w, https:\/\/bisbalpenedes.com\/web\/wp-content\/uploads\/2021\/08\/76-300x300.png 300w, https:\/\/bisbalpenedes.com\/web\/wp-content\/uploads\/2021\/08\/76-100x100.png 100w, https:\/\/bisbalpenedes.com\/web\/wp-content\/uploads\/2021\/08\/76-600x600.png 600w, https:\/\/bisbalpenedes.com\/web\/wp-content\/uploads\/2021\/08\/76-150x150.png 150w, https:\/\/bisbalpenedes.com\/web\/wp-content\/uploads\/2021\/08\/76-768x768.png 768w, https:\/\/bisbalpenedes.com\/web\/wp-content\/uploads\/2021\/08\/76.png 1080w\" sizes=\"(max-width: 1024px) 100vw, 1024px\" \/><\/figure>\n\n\n\n<figure class=\"wp-block-image size-large\"><img loading=\"lazy\" width=\"1024\" height=\"1024\" src=\"https:\/\/bisbalpenedes.com\/web\/wp-content\/uploads\/2021\/08\/77-1024x1024.png\" alt=\"\" class=\"wp-image-18965\" srcset=\"https:\/\/bisbalpenedes.com\/web\/wp-content\/uploads\/2021\/08\/77-1024x1024.png 1024w, https:\/\/bisbalpenedes.com\/web\/wp-content\/uploads\/2021\/08\/77-300x300.png 300w, https:\/\/bisbalpenedes.com\/web\/wp-content\/uploads\/2021\/08\/77-100x100.png 100w, https:\/\/bisbalpenedes.com\/web\/wp-content\/uploads\/2021\/08\/77-600x600.png 600w, https:\/\/bisbalpenedes.com\/web\/wp-content\/uploads\/2021\/08\/77-150x150.png 150w, https:\/\/bisbalpenedes.com\/web\/wp-content\/uploads\/2021\/08\/77-768x768.png 768w, https:\/\/bisbalpenedes.com\/web\/wp-content\/uploads\/2021\/08\/77.png 1080w\" sizes=\"(max-width: 1024px) 100vw, 1024px\" \/><\/figure>\n","protected":false},"excerpt":{"rendered":"<p>Nova entrega sobre la hist\u00f2ria de la Bisbal: avui us convidem a fer un viatge cap a l\u2019origen de La Fira. Sabeu com i quan es va crear?Per descobrir altres &hellip; <a href=\"https:\/\/bisbalpenedes.com\/web\/2020\/10\/03\/nova-entrega-de-les-pindoles-bisbalenques-una-fira-centenaria\/\" class=\"more-link\">Read More<\/a><\/p>\n","protected":false},"author":4,"featured_media":18962,"comment_status":"closed","ping_status":"closed","sticky":false,"template":"","format":"standard","meta":[],"categories":[13,8],"tags":[4739,852,393,2362,3585],"_links":{"self":[{"href":"https:\/\/bisbalpenedes.com\/web\/wp-json\/wp\/v2\/posts\/18961"}],"collection":[{"href":"https:\/\/bisbalpenedes.com\/web\/wp-json\/wp\/v2\/posts"}],"about":[{"href":"https:\/\/bisbalpenedes.com\/web\/wp-json\/wp\/v2\/types\/post"}],"author":[{"embeddable":true,"href":"https:\/\/bisbalpenedes.com\/web\/wp-json\/wp\/v2\/users\/4"}],"replies":[{"embeddable":true,"href":"https:\/\/bisbalpenedes.com\/web\/wp-json\/wp\/v2\/comments?post=18961"}],"version-history":[{"count":2,"href":"https:\/\/bisbalpenedes.com\/web\/wp-json\/wp\/v2\/posts\/18961\/revisions"}],"predecessor-version":[{"id":18967,"href":"https:\/\/bisbalpenedes.com\/web\/wp-json\/wp\/v2\/posts\/18961\/revisions\/18967"}],"wp:featuredmedia":[{"embeddable":true,"href":"https:\/\/bisbalpenedes.com\/web\/wp-json\/wp\/v2\/media\/18962"}],"wp:attachment":[{"href":"https:\/\/bisbalpenedes.com\/web\/wp-json\/wp\/v2\/media?parent=18961"}],"wp:term":[{"taxonomy":"category","embeddable":true,"href":"https:\/\/bisbalpenedes.com\/web\/wp-json\/wp\/v2\/categories?post=18961"},{"taxonomy":"post_tag","embeddable":true,"href":"https:\/\/bisbalpenedes.com\/web\/wp-json\/wp\/v2\/tags?post=18961"}],"curies":[{"name":"wp","href":"https:\/\/api.w.org\/{rel}","templated":true}]}}