{"id":18935,"date":"2021-08-28T09:00:00","date_gmt":"2021-08-28T07:00:00","guid":{"rendered":"https:\/\/bisbalpenedes.com\/web\/?p=18935"},"modified":"2021-08-24T13:29:37","modified_gmt":"2021-08-24T11:29:37","slug":"el-dimecres-1-de-setembre-comenca-lhorari-dhivern-de-lajuntament-i-la-biblioteca","status":"publish","type":"post","link":"https:\/\/bisbalpenedes.com\/web\/2021\/08\/28\/el-dimecres-1-de-setembre-comenca-lhorari-dhivern-de-lajuntament-i-la-biblioteca\/","title":{"rendered":"El dimecres 1 de setembre comen\u00e7a l&#8217;horari d&#8217;hivern de l&#8217;Ajuntament i la Biblioteca"},"content":{"rendered":"\n<p>El dimecres 1 de setembre, comen\u00e7a l&#8217;horari d&#8217;hivern de l&#8217;Ajuntament de La Bisbal del Pened\u00e8s i de la Biblioteca p\u00fablica de la Bisbal del Pened\u00e8s.<br><\/p>\n\n\n\n<hr class=\"wp-block-separator\"\/>\n\n\n\n<p>El mi\u00e9rcoles 1 de septiembre, empieza el horario de invierno del Ayuntamiento de La Bisbal del Pened\u00e8s y de la Biblioteca p\u00fablica de la Bisbal del Pened\u00e8s.<\/p>\n","protected":false},"excerpt":{"rendered":"<p>El dimecres 1 de setembre, comen\u00e7a l&#8217;horari d&#8217;hivern de l&#8217;Ajuntament de La Bisbal del Pened\u00e8s i de la Biblioteca p\u00fablica de la Bisbal del Pened\u00e8s. El mi\u00e9rcoles 1 de septiembre, &hellip; <a href=\"https:\/\/bisbalpenedes.com\/web\/2021\/08\/28\/el-dimecres-1-de-setembre-comenca-lhorari-dhivern-de-lajuntament-i-la-biblioteca\/\" class=\"more-link\">Read More<\/a><\/p>\n","protected":false},"author":4,"featured_media":18936,"comment_status":"closed","ping_status":"closed","sticky":false,"template":"","format":"standard","meta":[],"categories":[2402,1628,8],"tags":[216,2866,1003,784,393],"_links":{"self":[{"href":"https:\/\/bisbalpenedes.com\/web\/wp-json\/wp\/v2\/posts\/18935"}],"collection":[{"href":"https:\/\/bisbalpenedes.com\/web\/wp-json\/wp\/v2\/posts"}],"about":[{"href":"https:\/\/bisbalpenedes.com\/web\/wp-json\/wp\/v2\/types\/post"}],"author":[{"embeddable":true,"href":"https:\/\/bisbalpenedes.com\/web\/wp-json\/wp\/v2\/users\/4"}],"replies":[{"embeddable":true,"href":"https:\/\/bisbalpenedes.com\/web\/wp-json\/wp\/v2\/comments?post=18935"}],"version-history":[{"count":1,"href":"https:\/\/bisbalpenedes.com\/web\/wp-json\/wp\/v2\/posts\/18935\/revisions"}],"predecessor-version":[{"id":18937,"href":"https:\/\/bisbalpenedes.com\/web\/wp-json\/wp\/v2\/posts\/18935\/revisions\/18937"}],"wp:featuredmedia":[{"embeddable":true,"href":"https:\/\/bisbalpenedes.com\/web\/wp-json\/wp\/v2\/media\/18936"}],"wp:attachment":[{"href":"https:\/\/bisbalpenedes.com\/web\/wp-json\/wp\/v2\/media?parent=18935"}],"wp:term":[{"taxonomy":"category","embeddable":true,"href":"https:\/\/bisbalpenedes.com\/web\/wp-json\/wp\/v2\/categories?post=18935"},{"taxonomy":"post_tag","embeddable":true,"href":"https:\/\/bisbalpenedes.com\/web\/wp-json\/wp\/v2\/tags?post=18935"}],"curies":[{"name":"wp","href":"https:\/\/api.w.org\/{rel}","templated":true}]}}