{"id":18920,"date":"2021-08-24T09:59:15","date_gmt":"2021-08-24T07:59:15","guid":{"rendered":"https:\/\/bisbalpenedes.com\/web\/?p=18920"},"modified":"2021-08-24T09:59:15","modified_gmt":"2021-08-24T07:59:15","slug":"la-junta-de-govern-ha-aprovat-un-contracte-per-elaborar-el-pla-destabilitzacio-de-locupacio-temporal","status":"publish","type":"post","link":"https:\/\/bisbalpenedes.com\/web\/2021\/08\/24\/la-junta-de-govern-ha-aprovat-un-contracte-per-elaborar-el-pla-destabilitzacio-de-locupacio-temporal\/","title":{"rendered":"La Junta de govern ha aprovat un contracte per elaborar el \u2018Pla d\u2019estabilitzaci\u00f3 de l\u2019ocupaci\u00f3 temporal\u2019"},"content":{"rendered":"\n<p>La Junta de govern del passat 13 d\u2019agost va aprovar, a petici\u00f3 d\u2019alcaldia, un contracte menor per elaborar el \u201cPla d\u2019estabilitzaci\u00f3 de l\u2019ocupaci\u00f3 temporal\u201d i d\u2019assist\u00e8ncia t\u00e8cnica i assessorament en mat\u00e8ria de recursos humans.<br><br>L\u2019alcaldessa de la Bisbal del Pened\u00e8s, Agn\u00e8s Ferr\u00e9, ha explicat que \u201cfem un contracte menor per la necessitat del servei d\u2019elaboraci\u00f3 del pla, que permet corregir les anomalies que s\u2019han produ\u00eft al llarg dels anys en les contractacions de personal per aix\u00ed poder donar compliment al que estableix el Reial Decret Llei 14\/2021 del 6 de juliol\u201d. Per aquest motiu s\u2019ha contractat el servei esmentat amb l\u2019empresa Consultors de Gesti\u00f3 P\u00fablica per un import de 14.147\u20ac.<\/p>\n\n\n\n<p>El passat 8 de juliol de 2021 va entrar en vigor el <a href=\"https:\/\/www.boe.es\/eli\/es\/rdl\/2021\/07\/06\/14\/con\">Reial Decret Llei 14\/2021, del 6 de juliol,<\/a> de mesures urgents per a la reducci\u00f3 de la temporalitat en l\u2019ocupaci\u00f3 p\u00fablica. Aquest Reial Decret implica que:<\/p>\n\n\n\n<p>\u201c-L\u2019oferta d\u2019ocupaci\u00f3 p\u00fablica que articuli el proc\u00e9s d\u2019estabilitzaci\u00f3 s\u2019haur\u00e0 d\u2019aprovar i publicar abans del 31 de desembre de 2021.<\/p>\n\n\n\n<p>-La publicaci\u00f3 de les convocat\u00f2ries de processos selectius per a la cobertura de les places incloses a l\u2019oferta p\u00fablica d\u2019ocupaci\u00f3 s\u2019haur\u00e0 de produir abans del 31 de desembre de 2022.<\/p>\n\n\n\n<p>-La resoluci\u00f3 dels processos haur\u00e0 de finalitzar abans del 31 de desembre de 2024\u201d.<\/p>\n\n\n\n<hr class=\"wp-block-separator\"\/>\n\n\n\n<p>La Junta de gobierno del pasado 13 de agosto aprob\u00f3, a petici\u00f3n de alcald\u00eda, un contrato menor para elaborar el \u201cPlan de estabilizaci\u00f3n de la ocupaci\u00f3n temporal\u201d y de asistencia t\u00e9cnica y asesoramiento en materia de recursos humanos.<\/p>\n\n\n\n<p>La alcaldesa de la Bisbal del Pened\u00e8s, Agn\u00e8s Ferr\u00e9, ha explicado que \u201chacemos un contrato menor por la necesidad del servicio de elaboraci\u00f3n del plan, que permite corregir anomal\u00edas que se han producido a lo largo de los a\u00f1os en las contrataciones de personal para as\u00ed poder dar cumplimiento a lo que establece el Real Decreto Ley 14\/2021 del 6 de julio\u201d. Por este motivo se ha contratado dicho servicio con la empresa Consultors de Gesti\u00f3 P\u00fablica por un importe de 14.147\u20ac.<\/p>\n\n\n\n<p>El pasado 8 de julio de 2021 entr\u00f3 en vigor el <a href=\"https:\/\/www.boe.es\/eli\/es\/rdl\/2021\/07\/06\/14\/con\">Real Decreto Ley 14\/2021, del 6 de julio,<\/a> de medidas urgentes para la reducci\u00f3n de la temporalidad en la ocupaci\u00f3n p\u00fablica. Este Real Decreto implica que:<\/p>\n\n\n\n<p>\u201c-La oferta de ocupaci\u00f3n p\u00fablica que articule el proceso de estabilizaci\u00f3n se tendr\u00e1 que aprobar y publicar antes del 31 de diciembre de 2021.<\/p>\n\n\n\n<p>-La publicaci\u00f3n de las convocatorias de procesos selectivos para la cobertura de las plazas incluidas en la oferta p\u00fablica de ocupaci\u00f3n se tendr\u00e1 que producir antes del 31 de diciembre de 2022.<\/p>\n\n\n\n<p>-La resoluci\u00f3n de los procesos deber\u00e1 finalizar antes del 31 de diciembre de 2024\u201d.<\/p>\n","protected":false},"excerpt":{"rendered":"<p>La Junta de govern del passat 13 d\u2019agost va aprovar, a petici\u00f3 d\u2019alcaldia, un contracte menor per elaborar el \u201cPla d\u2019estabilitzaci\u00f3 de l\u2019ocupaci\u00f3 temporal\u201d i d\u2019assist\u00e8ncia t\u00e8cnica i assessorament en &hellip; <a href=\"https:\/\/bisbalpenedes.com\/web\/2021\/08\/24\/la-junta-de-govern-ha-aprovat-un-contracte-per-elaborar-el-pla-destabilitzacio-de-locupacio-temporal\/\" class=\"more-link\">Read More<\/a><\/p>\n","protected":false},"author":4,"featured_media":13964,"comment_status":"closed","ping_status":"closed","sticky":false,"template":"","format":"standard","meta":[],"categories":[2057,8],"tags":[4718,4717,4716,4719],"_links":{"self":[{"href":"https:\/\/bisbalpenedes.com\/web\/wp-json\/wp\/v2\/posts\/18920"}],"collection":[{"href":"https:\/\/bisbalpenedes.com\/web\/wp-json\/wp\/v2\/posts"}],"about":[{"href":"https:\/\/bisbalpenedes.com\/web\/wp-json\/wp\/v2\/types\/post"}],"author":[{"embeddable":true,"href":"https:\/\/bisbalpenedes.com\/web\/wp-json\/wp\/v2\/users\/4"}],"replies":[{"embeddable":true,"href":"https:\/\/bisbalpenedes.com\/web\/wp-json\/wp\/v2\/comments?post=18920"}],"version-history":[{"count":1,"href":"https:\/\/bisbalpenedes.com\/web\/wp-json\/wp\/v2\/posts\/18920\/revisions"}],"predecessor-version":[{"id":18921,"href":"https:\/\/bisbalpenedes.com\/web\/wp-json\/wp\/v2\/posts\/18920\/revisions\/18921"}],"wp:featuredmedia":[{"embeddable":true,"href":"https:\/\/bisbalpenedes.com\/web\/wp-json\/wp\/v2\/media\/13964"}],"wp:attachment":[{"href":"https:\/\/bisbalpenedes.com\/web\/wp-json\/wp\/v2\/media?parent=18920"}],"wp:term":[{"taxonomy":"category","embeddable":true,"href":"https:\/\/bisbalpenedes.com\/web\/wp-json\/wp\/v2\/categories?post=18920"},{"taxonomy":"post_tag","embeddable":true,"href":"https:\/\/bisbalpenedes.com\/web\/wp-json\/wp\/v2\/tags?post=18920"}],"curies":[{"name":"wp","href":"https:\/\/api.w.org\/{rel}","templated":true}]}}