{"id":18916,"date":"2021-08-24T09:17:25","date_gmt":"2021-08-24T07:17:25","guid":{"rendered":"https:\/\/bisbalpenedes.com\/web\/?p=18916"},"modified":"2021-08-24T09:17:25","modified_gmt":"2021-08-24T07:17:25","slug":"comunicat-de-lequip-de-govern-sobre-la-iniciativa-privada-que-preten-fer-passar-una-linia-de-molt-alta-tensio-pel-municipi","status":"publish","type":"post","link":"https:\/\/bisbalpenedes.com\/web\/2021\/08\/24\/comunicat-de-lequip-de-govern-sobre-la-iniciativa-privada-que-preten-fer-passar-una-linia-de-molt-alta-tensio-pel-municipi\/","title":{"rendered":"Comunicat de l&#8217;Equip de Govern sobre la iniciativa privada que pret\u00e9n fer passar una l\u00ednia de Molt Alta Tensi\u00f3 pel municipi"},"content":{"rendered":"\n<p><strong>COMUNICAT DE L\u2019EQUIP DE GOVERN<\/strong><\/p>\n\n\n\n<p>Des de l\u2019Equip de Govern us informem que a finals del mes de juliol va arribar, per registre d\u2019entrada a l\u2019Ajuntament de La Bisbal del Pened\u00e8s, un projecte d\u2019iniciativa privada anomenat \u201cCluster Begues_539AC\u201d. Aquest projecte pret\u00e9n fer passar pel nostre municipi una l\u00ednia privada de Molt Alta Tensi\u00f3 (MAT) provinent d\u2019Arag\u00f3 per arribar a l\u2019\u00c0rea Metropolitana de Barcelona, travessant el territori catal\u00e0 passant per la Terra Alta, la Ribera d\u2019Ebre, el Priorat, el Baix Camp, l\u2019Alt Camp, el Baix Pened\u00e8s, l\u2019Alt Pened\u00e8s i el Baix Llobregat.<\/p>\n\n\n\n<p>L\u2019afectaci\u00f3 al municipi de La Bisbal del Pened\u00e8s \u00e9s de m\u00e9s de quinze torres d\u2019alta tensi\u00f3, en un recorregut d\u2019uns 8 km, afectant principalment terrenys de cultiu i passant molt a prop de zones urbanes.<\/p>\n\n\n\n<p>Des de l\u2019Equip de Govern estem en contra d\u2019aquest projecte privat que traspassa el municipi, afectant terrenys agr\u00edcoles, el nostre paisatge i la natura per portar energia de l\u2019Arag\u00f3 a l\u2019\u00c0rea Metropolitana de Barcelona.<\/p>\n\n\n\n<p>Des de l\u2019Ajuntament de La Bisbal del Pened\u00e8s treballem amb la resta de municipis afectats per presentar les al\u00b7legacions pertinents al projecte. Aix\u00ed mateix, informarem els propietaris afectats des de la Regidoria d\u2019Agricultura.<\/p>\n\n\n\n<p>Seguirem informant dels passos adoptats per part de l\u2019Ajuntament de la Bisbal del Pened\u00e8s.<\/p>\n\n\n\n<p>Podeu consultar l\u2019anunci i la documentaci\u00f3 aqu\u00ed: <a href=\"https:\/\/bisbalpenedes.eadministracio.cat\/info.0\">https:\/\/bisbalpenedes.eadministracio.cat\/info.0<\/a><\/p>\n\n\n\n<p>A la Bisbal del Pened\u00e8s, 24 d\u2019agost de 2021<\/p>\n\n\n\n<hr class=\"wp-block-separator\"\/>\n\n\n\n<p><strong>COMUNICADO DEL EQUIPO DE GOBIERNO<\/strong><\/p>\n\n\n\n<p>Desde el Equipo de Gobierno os informamos de que a finales del mes de julio lleg\u00f3, por registro de entrada al Ayuntamiento de La Bisbal del Pened\u00e8s, un proyecto de iniciativa privada llamado \u201cCluster Begues_539AC\u201d. Este proyecto pretende hacer pasar por nuestro municipio una l\u00ednea privada de Muy Alta Tensi\u00f3n (MAT) proveniente de Arag\u00f3n para llegar al \u00c1rea Metropolitana de Barcelona, atravesando el territorio catal\u00e1n pasando por la Terra Alta, la Ribera d\u2019Ebre, el Priorat, el Baix Camp, el Alt Camp, el Baix Pened\u00e8s, el Alt Pened\u00e8s y el Baix Llobregat.<\/p>\n\n\n\n<p>La afectaci\u00f3n en el municipio de La Bisbal del Pened\u00e8s es de m\u00e1s de quince torres de alta tensi\u00f3n, en un recorrido de unos 8 km, afectando principalmente terrenos de cultivo y pasando muy cerca de zonas urbanas.<\/p>\n\n\n\n<p>Desde el Equipo de Gobierno estamos en contra de este proyecto privado que atraviesa el municipio, afectando terrenos agr\u00edcolas, nuestro paisaje y la naturaleza para llevar energ\u00eda de Arag\u00f3n a l \u00c1rea Metropolitana de Barcelona.<\/p>\n\n\n\n<p>Desde el Ayuntamiento de La Bisbal del Pened\u00e8s trabajamos con el resto de municipios afectados para presentar las alegaciones pertinentes al proyecto. As\u00ed mismo, informaremos a los propietarios afectados desde la Concejal\u00eda de Agricultura.<\/p>\n\n\n\n<p>Seguiremos informando de los pasos adoptados por parte del Ayuntamiento de la Bisbal del Pened\u00e8s.<\/p>\n\n\n\n<p>Pod\u00e9is consultar el anuncio y la documentaci\u00f3n aqu\u00ed: <a href=\"https:\/\/bisbalpenedes.eadministracio.cat\/info.0\">https:\/\/bisbalpenedes.eadministracio.cat\/info.0<\/a><\/p>\n\n\n\n<p>En la Bisbal del Pened\u00e8s, 24 de agosto de 2021<\/p>\n","protected":false},"excerpt":{"rendered":"<p>COMUNICAT DE L\u2019EQUIP DE GOVERN Des de l\u2019Equip de Govern us informem que a finals del mes de juliol va arribar, per registre d\u2019entrada a l\u2019Ajuntament de La Bisbal del &hellip; <a href=\"https:\/\/bisbalpenedes.com\/web\/2021\/08\/24\/comunicat-de-lequip-de-govern-sobre-la-iniciativa-privada-que-preten-fer-passar-una-linia-de-molt-alta-tensio-pel-municipi\/\" class=\"more-link\">Read More<\/a><\/p>\n","protected":false},"author":4,"featured_media":12183,"comment_status":"closed","ping_status":"closed","sticky":false,"template":"","format":"standard","meta":[],"categories":[2377,8],"tags":[1605,393,4712,4713],"_links":{"self":[{"href":"https:\/\/bisbalpenedes.com\/web\/wp-json\/wp\/v2\/posts\/18916"}],"collection":[{"href":"https:\/\/bisbalpenedes.com\/web\/wp-json\/wp\/v2\/posts"}],"about":[{"href":"https:\/\/bisbalpenedes.com\/web\/wp-json\/wp\/v2\/types\/post"}],"author":[{"embeddable":true,"href":"https:\/\/bisbalpenedes.com\/web\/wp-json\/wp\/v2\/users\/4"}],"replies":[{"embeddable":true,"href":"https:\/\/bisbalpenedes.com\/web\/wp-json\/wp\/v2\/comments?post=18916"}],"version-history":[{"count":2,"href":"https:\/\/bisbalpenedes.com\/web\/wp-json\/wp\/v2\/posts\/18916\/revisions"}],"predecessor-version":[{"id":18923,"href":"https:\/\/bisbalpenedes.com\/web\/wp-json\/wp\/v2\/posts\/18916\/revisions\/18923"}],"wp:featuredmedia":[{"embeddable":true,"href":"https:\/\/bisbalpenedes.com\/web\/wp-json\/wp\/v2\/media\/12183"}],"wp:attachment":[{"href":"https:\/\/bisbalpenedes.com\/web\/wp-json\/wp\/v2\/media?parent=18916"}],"wp:term":[{"taxonomy":"category","embeddable":true,"href":"https:\/\/bisbalpenedes.com\/web\/wp-json\/wp\/v2\/categories?post=18916"},{"taxonomy":"post_tag","embeddable":true,"href":"https:\/\/bisbalpenedes.com\/web\/wp-json\/wp\/v2\/tags?post=18916"}],"curies":[{"name":"wp","href":"https:\/\/api.w.org\/{rel}","templated":true}]}}