{"id":18914,"date":"2021-08-23T12:15:38","date_gmt":"2021-08-23T10:15:38","guid":{"rendered":"https:\/\/bisbalpenedes.com\/web\/?p=18914"},"modified":"2021-08-23T12:15:38","modified_gmt":"2021-08-23T10:15:38","slug":"saproven-modificacions-del-projecte-dobres-de-reforma-i-ampliacio-del-local-social-de-can-gordei","status":"publish","type":"post","link":"https:\/\/bisbalpenedes.com\/web\/2021\/08\/23\/saproven-modificacions-del-projecte-dobres-de-reforma-i-ampliacio-del-local-social-de-can-gordei\/","title":{"rendered":"S&#8217;aproven modificacions del projecte d&#8217;obres de reforma i ampliaci\u00f3 del local social de Can Gordei"},"content":{"rendered":"\n<p>La Junta de Govern del 13 d\u2019agost de 2021 va aprovar la modificaci\u00f3 del contracte d\u2019obres de reforma i ampliaci\u00f3 del local social de Can Gordei, ja que cal fer unes modificacions del projecte per seguir amb l\u2019execuci\u00f3 de l\u2019obra.<\/p>\n\n\n\n<p>A finals de juny van comen\u00e7ar les obres de reforma i ampliaci\u00f3 del local social de Can Gordei, adjudicades a l\u2019empresa Forjados y estructuras de hormigon ONE, SL, per un import de 60.376,26\u20ac (IVA incl\u00f2s).<\/p>\n\n\n\n<p>La direcci\u00f3 de l\u2019obra va emetre un informe, el mes d\u2019agost, que posava de manifest que calia fer unes especificacions i\/o modificacions del projecte, per poder seguir amb l\u2019execuci\u00f3 de l\u2019obra, les quals aconsellen una modificaci\u00f3 no substancial i no prevista del contracte consistent en:<\/p>\n\n\n\n<p>-Modificar l\u2019al\u00e7ada d\u2019obertures de la fa\u00e7ana posterior.<\/p>\n\n\n\n<p>-Instal\u00b7laci\u00f3 de biga a la gran obertura que es fa en una paret de c\u00e0rrega per connectar les dues sales polivalents.<\/p>\n\n\n\n<p>Tenint en compte la necessitat de fer aquesta modificiaci\u00f3, la Junta de Govern l\u2019ha aprovat.<\/p>\n\n\n\n<p>&#8212;<\/p>\n\n\n\n<p>La Junta de Gobierno del 13 de agosto de 2021 aprob\u00f3 la modificaci\u00f3n del contrato de obras de reforma y ampliaci\u00f3n del local social de Can Gordei, ya que es necesario hacer unas modificaciones del proyecto para seguir con la ejecuci\u00f3n de la obra.<\/p>\n\n\n\n<p>A finales de junio empezaron las obras de reforma y ampliaci\u00f3n del local social de Can Gordei, adjudicadas a la empresa Forjados y estructuras de hormig\u00f3n ONE, SL, por un importe de 60.376,26\u20ac (IVA incluido).<\/p>\n\n\n\n<p>La direcci\u00f3n de la obra emiti\u00f3 un informe, en el mes de agosto, que pon\u00eda de manifiesto que hab\u00eda que hacer unas especificaciones y\/o modificaciones en el proyecto, para poder continuar con la ejecuci\u00f3n de la obra, las cuales aconsejan una modificaci\u00f3n no substancial y no prevista del contrato consistente en:<\/p>\n\n\n\n<p>-Modificar la altura de aperturas de la fachada posterior.<\/p>\n\n\n\n<p>-Instalaci\u00f3n de biga en la gran apertura que se hace en la pared de carga para conectar las dos salas polivalentes.<\/p>\n\n\n\n<p>Teniendo en cuenta la necesidad de hacer esta modificaci\u00f3n, la Junta de Gobierno la ha aprobado.<\/p>\n","protected":false},"excerpt":{"rendered":"<p>La Junta de Govern del 13 d\u2019agost de 2021 va aprovar la modificaci\u00f3 del contracte d\u2019obres de reforma i ampliaci\u00f3 del local social de Can Gordei, ja que cal fer &hellip; <a href=\"https:\/\/bisbalpenedes.com\/web\/2021\/08\/23\/saproven-modificacions-del-projecte-dobres-de-reforma-i-ampliacio-del-local-social-de-can-gordei\/\" class=\"more-link\">Read More<\/a><\/p>\n","protected":false},"author":4,"featured_media":17221,"comment_status":"closed","ping_status":"closed","sticky":false,"template":"","format":"standard","meta":[],"categories":[4287,8,15],"tags":[4710,198,247,4711,21,1517],"_links":{"self":[{"href":"https:\/\/bisbalpenedes.com\/web\/wp-json\/wp\/v2\/posts\/18914"}],"collection":[{"href":"https:\/\/bisbalpenedes.com\/web\/wp-json\/wp\/v2\/posts"}],"about":[{"href":"https:\/\/bisbalpenedes.com\/web\/wp-json\/wp\/v2\/types\/post"}],"author":[{"embeddable":true,"href":"https:\/\/bisbalpenedes.com\/web\/wp-json\/wp\/v2\/users\/4"}],"replies":[{"embeddable":true,"href":"https:\/\/bisbalpenedes.com\/web\/wp-json\/wp\/v2\/comments?post=18914"}],"version-history":[{"count":1,"href":"https:\/\/bisbalpenedes.com\/web\/wp-json\/wp\/v2\/posts\/18914\/revisions"}],"predecessor-version":[{"id":18915,"href":"https:\/\/bisbalpenedes.com\/web\/wp-json\/wp\/v2\/posts\/18914\/revisions\/18915"}],"wp:featuredmedia":[{"embeddable":true,"href":"https:\/\/bisbalpenedes.com\/web\/wp-json\/wp\/v2\/media\/17221"}],"wp:attachment":[{"href":"https:\/\/bisbalpenedes.com\/web\/wp-json\/wp\/v2\/media?parent=18914"}],"wp:term":[{"taxonomy":"category","embeddable":true,"href":"https:\/\/bisbalpenedes.com\/web\/wp-json\/wp\/v2\/categories?post=18914"},{"taxonomy":"post_tag","embeddable":true,"href":"https:\/\/bisbalpenedes.com\/web\/wp-json\/wp\/v2\/tags?post=18914"}],"curies":[{"name":"wp","href":"https:\/\/api.w.org\/{rel}","templated":true}]}}