{"id":18892,"date":"2021-08-20T11:04:47","date_gmt":"2021-08-20T09:04:47","guid":{"rendered":"https:\/\/bisbalpenedes.com\/web\/?p=18892"},"modified":"2021-08-20T11:04:47","modified_gmt":"2021-08-20T09:04:47","slug":"saprova-la-compra-de-maquinaria-per-als-locals-de-la-miralba-i-can-gordei","status":"publish","type":"post","link":"https:\/\/bisbalpenedes.com\/web\/2021\/08\/20\/saprova-la-compra-de-maquinaria-per-als-locals-de-la-miralba-i-can-gordei\/","title":{"rendered":"S&#8217;aprova la compra de maquin\u00e0ria per als locals de la Miralba i Can Gordei"},"content":{"rendered":"\n<p>La Junta de Govern local del 13 d\u2019agost va aprovar, a petici\u00f3 de la Regidoria de Barris, una contractaci\u00f3 menor per a la compra de maquin\u00e0ria per als locals socials de La Miralba i Can Gordei.<\/p>\n\n\n\n<p>En concret, s\u2019ha aprovat un contracte menor amb l\u2019empresa J.J. FRED BAIX PENED\u00c8S SL. per un import de 10.569,35\u20ac (IVA incl\u00f2s) per a la compra de la seg\u00fcent maquin\u00e0ria:<\/p>\n\n\n\n<p><strong>LOCAL SOCIAL DE CAN GORDEI<\/strong><\/p>\n\n\n\n<ul><li>Una vitrina expositora<\/li><li>Un rentavaixelles<\/li><\/ul>\n\n\n\n<p><strong>LOCAL SOCIAL DE LA MIRALBA<\/strong><\/p>\n\n\n\n<ul><li>Refredador d\u2019ampolles en inox<\/li><li>Renta gots frontal industrial<\/li><li>Moble cafeter en inox<\/li><li>Dos mobles contra mostrador en inox<\/li><li>Descalcificador manual<\/li><li>Rentavaixelles<\/li><\/ul>\n\n\n\n<hr class=\"wp-block-separator\"\/>\n\n\n\n<p>La Junta de Gobierno local del 13 de agosto aprob\u00f3, a petici\u00f3n de la Concejal\u00eda de Barrios, una contrataci\u00f3n menor para la compra de&nbsp; maquinaria para los locales sociales de La Miralba y Can Gordei.<\/p>\n\n\n\n<p>En concreto, se ha aprobado un contrato menor con la empresa J.J. FRED BAIX PENED\u00c8S SL. por un importe de 10.569,35\u20ac (IVA incluido) para la compra de la siguiente maquinaria<\/p>\n\n\n\n<p><strong>LOCAL SOCIAL DE CAN GORDEI<\/strong><\/p>\n\n\n\n<ul><li>Una vitrina expositora<\/li><li>Un lavavajillas<\/li><\/ul>\n\n\n\n<p><strong>LOCAL SOCIAL DE LA MIRALBA<\/strong><\/p>\n\n\n\n<ul><li>Enfriador de botellas en inox<\/li><li>Lava vasos frontal industrial<\/li><li>Mueble cafetero en inox<\/li><li>Dos muebles contra mostrador en inox<\/li><li>Descalcificador manual<\/li><li>Lavavajillas<\/li><\/ul>\n","protected":false},"excerpt":{"rendered":"<p>La Junta de Govern local del 13 d\u2019agost va aprovar, a petici\u00f3 de la Regidoria de Barris, una contractaci\u00f3 menor per a la compra de maquin\u00e0ria per als locals socials &hellip; <a href=\"https:\/\/bisbalpenedes.com\/web\/2021\/08\/20\/saprova-la-compra-de-maquinaria-per-als-locals-de-la-miralba-i-can-gordei\/\" class=\"more-link\">Read More<\/a><\/p>\n","protected":false},"author":4,"featured_media":18893,"comment_status":"closed","ping_status":"closed","sticky":false,"template":"","format":"standard","meta":[],"categories":[4287,3085,8],"tags":[198,777,393,246,247],"_links":{"self":[{"href":"https:\/\/bisbalpenedes.com\/web\/wp-json\/wp\/v2\/posts\/18892"}],"collection":[{"href":"https:\/\/bisbalpenedes.com\/web\/wp-json\/wp\/v2\/posts"}],"about":[{"href":"https:\/\/bisbalpenedes.com\/web\/wp-json\/wp\/v2\/types\/post"}],"author":[{"embeddable":true,"href":"https:\/\/bisbalpenedes.com\/web\/wp-json\/wp\/v2\/users\/4"}],"replies":[{"embeddable":true,"href":"https:\/\/bisbalpenedes.com\/web\/wp-json\/wp\/v2\/comments?post=18892"}],"version-history":[{"count":1,"href":"https:\/\/bisbalpenedes.com\/web\/wp-json\/wp\/v2\/posts\/18892\/revisions"}],"predecessor-version":[{"id":18894,"href":"https:\/\/bisbalpenedes.com\/web\/wp-json\/wp\/v2\/posts\/18892\/revisions\/18894"}],"wp:featuredmedia":[{"embeddable":true,"href":"https:\/\/bisbalpenedes.com\/web\/wp-json\/wp\/v2\/media\/18893"}],"wp:attachment":[{"href":"https:\/\/bisbalpenedes.com\/web\/wp-json\/wp\/v2\/media?parent=18892"}],"wp:term":[{"taxonomy":"category","embeddable":true,"href":"https:\/\/bisbalpenedes.com\/web\/wp-json\/wp\/v2\/categories?post=18892"},{"taxonomy":"post_tag","embeddable":true,"href":"https:\/\/bisbalpenedes.com\/web\/wp-json\/wp\/v2\/tags?post=18892"}],"curies":[{"name":"wp","href":"https:\/\/api.w.org\/{rel}","templated":true}]}}