{"id":1889,"date":"2016-12-13T18:11:08","date_gmt":"2016-12-13T12:11:08","guid":{"rendered":"http:\/\/bisbalpenedes.com\/web\/?p=1889"},"modified":"2016-12-13T18:11:08","modified_gmt":"2016-12-13T12:11:08","slug":"xerrada-i-carta-del-general-romagosa","status":"publish","type":"post","link":"https:\/\/bisbalpenedes.com\/web\/2016\/12\/13\/xerrada-i-carta-del-general-romagosa\/","title":{"rendered":"Xerrada i Carta del General Romagosa"},"content":{"rendered":"<p>Divendres 16 de desembre de 2016 a les 18:30h al CMC<br \/>\nActe de presentaci\u00f3 de la documentaci\u00f3 del General Romagosa cedida per Elisa Guasch Ventosa i Fam\u00edlia <\/p>\n<p>Presentaci\u00f3 de la carta i xerrada:<br \/>\nl\u2019\u00c8poca de Romagosa,  Espanya i el Pened\u00e8s al primer ter\u00e7 del segle XIX<br \/>\na c\u00e0rrec del Dr. Ramon Arnabat, professor de la Universitat Rovira i Virgili i Jordi Ferran, graduat en Hist\u00f2ria<\/p>\n<p><a href=\"http:\/\/bisbalpenedes.com\/web\/wp-content\/uploads\/2016\/12\/POSTER_ROMAGOSA_2016_A.jpg\"><img loading=\"lazy\" src=\"http:\/\/bisbalpenedes.com\/web\/wp-content\/uploads\/2016\/12\/POSTER_ROMAGOSA_2016_A-212x300.jpg\" alt=\"\" title=\"POSTER_ROMAGOSA_2016_A\" width=\"212\" height=\"300\" class=\"alignleft size-medium wp-image-1890\" srcset=\"https:\/\/bisbalpenedes.com\/web\/wp-content\/uploads\/2016\/12\/POSTER_ROMAGOSA_2016_A-212x300.jpg 212w, https:\/\/bisbalpenedes.com\/web\/wp-content\/uploads\/2016\/12\/POSTER_ROMAGOSA_2016_A-600x848.jpg 600w, https:\/\/bisbalpenedes.com\/web\/wp-content\/uploads\/2016\/12\/POSTER_ROMAGOSA_2016_A-724x1024.jpg 724w, https:\/\/bisbalpenedes.com\/web\/wp-content\/uploads\/2016\/12\/POSTER_ROMAGOSA_2016_A.jpg 1754w\" sizes=\"(max-width: 212px) 100vw, 212px\" \/><\/a><\/p>\n","protected":false},"excerpt":{"rendered":"<p>Divendres 16 de desembre de 2016 a les 18:30h al CMC Acte de presentaci\u00f3 de la documentaci\u00f3 del General Romagosa cedida per Elisa Guasch Ventosa i Fam\u00edlia Presentaci\u00f3 de la &hellip; <a href=\"https:\/\/bisbalpenedes.com\/web\/2016\/12\/13\/xerrada-i-carta-del-general-romagosa\/\" class=\"more-link\">Read More<\/a><\/p>\n","protected":false},"author":1,"featured_media":1890,"comment_status":"closed","ping_status":"closed","sticky":false,"template":"","format":"standard","meta":[],"categories":[13],"tags":[211],"_links":{"self":[{"href":"https:\/\/bisbalpenedes.com\/web\/wp-json\/wp\/v2\/posts\/1889"}],"collection":[{"href":"https:\/\/bisbalpenedes.com\/web\/wp-json\/wp\/v2\/posts"}],"about":[{"href":"https:\/\/bisbalpenedes.com\/web\/wp-json\/wp\/v2\/types\/post"}],"author":[{"embeddable":true,"href":"https:\/\/bisbalpenedes.com\/web\/wp-json\/wp\/v2\/users\/1"}],"replies":[{"embeddable":true,"href":"https:\/\/bisbalpenedes.com\/web\/wp-json\/wp\/v2\/comments?post=1889"}],"version-history":[{"count":1,"href":"https:\/\/bisbalpenedes.com\/web\/wp-json\/wp\/v2\/posts\/1889\/revisions"}],"predecessor-version":[{"id":1891,"href":"https:\/\/bisbalpenedes.com\/web\/wp-json\/wp\/v2\/posts\/1889\/revisions\/1891"}],"wp:featuredmedia":[{"embeddable":true,"href":"https:\/\/bisbalpenedes.com\/web\/wp-json\/wp\/v2\/media\/1890"}],"wp:attachment":[{"href":"https:\/\/bisbalpenedes.com\/web\/wp-json\/wp\/v2\/media?parent=1889"}],"wp:term":[{"taxonomy":"category","embeddable":true,"href":"https:\/\/bisbalpenedes.com\/web\/wp-json\/wp\/v2\/categories?post=1889"},{"taxonomy":"post_tag","embeddable":true,"href":"https:\/\/bisbalpenedes.com\/web\/wp-json\/wp\/v2\/tags?post=1889"}],"curies":[{"name":"wp","href":"https:\/\/api.w.org\/{rel}","templated":true}]}}