{"id":18888,"date":"2021-08-20T10:45:39","date_gmt":"2021-08-20T08:45:39","guid":{"rendered":"https:\/\/bisbalpenedes.com\/web\/?p=18888"},"modified":"2021-08-20T10:45:39","modified_gmt":"2021-08-20T08:45:39","slug":"saprova-la-contractacio-del-subministrament-de-800m3-daigua-a-lesplai-mitjancant-camio-cisterna","status":"publish","type":"post","link":"https:\/\/bisbalpenedes.com\/web\/2021\/08\/20\/saprova-la-contractacio-del-subministrament-de-800m3-daigua-a-lesplai-mitjancant-camio-cisterna\/","title":{"rendered":"S&#8217;aprova la contractaci\u00f3 del subministrament de 800m3 d&#8217;aigua a l&#8217;Esplai mitjan\u00e7ant cami\u00f3 cisterna"},"content":{"rendered":"\n<p>La Junta de Govern del 13 d\u2019agost va aprovar, a petici\u00f3 de la Regidoria del servei d\u2019abastament d\u2019aigua potable, la contractaci\u00f3 del subministrament de 800 m3 d\u2019aigua a l\u2019Esplai mitjan\u00e7ant un cami\u00f3 cisterna per tal de cobrir el d\u00e8ficit de captaci\u00f3 durant el mes d\u2019agost de 2021. El contracte s\u2019ha aprovat per un import de 9.505,76\u20ac (IVA incl\u00f2s) amb Aqualia.<\/p>\n\n\n\n<p>En l\u2019actualitat, s\u2019estan duent a terme les darreres proves i estudis per poder disposar del pou com a font de subministrament d\u2019aigua a l\u2019Esplai. Tenint en compte l\u2019alta demanda d\u2019aigua durant el mes d\u2019agost i assegurar l\u2019abastiment d\u2019aigua als ve\u00efns, evitant possibles talls, s\u2019ha fet necess\u00e0ria la contractaci\u00f3 d\u2019aquest subministrament mitjan\u00e7ant cami\u00f3 cisterna.<\/p>\n\n\n\n<p>&#8212;<\/p>\n\n\n\n<p>La Junta de Gobierno del 13 de agosto aprob\u00f3, a petici\u00f3n de la Concejal\u00eda del servicio de abastecimiento de agua potable, la contrataci\u00f3n del suministro de 800 m3 de agua en el Esplai mediante un cami\u00f3n cisterna con tal de cubrir el d\u00e9ficit de captaci\u00f3n durante el mes de agosto de 2021. El contrato se ha aprobado por un importe de 9.505,76\u20ac (IVA incluido) con Aqualia.<\/p>\n\n\n\n<p>En la actualidad, se est\u00e1n llevando a cabo las \u00faltimas pruebas y estudios para poder disponer del pozo como fuente de suministro de agua en el Esplai. Teniendo en cuenta la alta demanda de agua durante el mes de agosto y para asegurar el abastecimiento de agua de los vecinos, evitando posibles cortes, se ha hecho necesaria la contrataci\u00f3n de este suministro mediante cami\u00f3n cisterna.<\/p>\n","protected":false},"excerpt":{"rendered":"<p>La Junta de Govern del 13 d\u2019agost va aprovar, a petici\u00f3 de la Regidoria del servei d\u2019abastament d\u2019aigua potable, la contractaci\u00f3 del subministrament de 800 m3 d\u2019aigua a l\u2019Esplai mitjan\u00e7ant &hellip; <a href=\"https:\/\/bisbalpenedes.com\/web\/2021\/08\/20\/saprova-la-contractacio-del-subministrament-de-800m3-daigua-a-lesplai-mitjancant-camio-cisterna\/\" class=\"more-link\">Read More<\/a><\/p>\n","protected":false},"author":4,"featured_media":18889,"comment_status":"closed","ping_status":"closed","sticky":false,"template":"","format":"standard","meta":[],"categories":[8,3352],"tags":[],"_links":{"self":[{"href":"https:\/\/bisbalpenedes.com\/web\/wp-json\/wp\/v2\/posts\/18888"}],"collection":[{"href":"https:\/\/bisbalpenedes.com\/web\/wp-json\/wp\/v2\/posts"}],"about":[{"href":"https:\/\/bisbalpenedes.com\/web\/wp-json\/wp\/v2\/types\/post"}],"author":[{"embeddable":true,"href":"https:\/\/bisbalpenedes.com\/web\/wp-json\/wp\/v2\/users\/4"}],"replies":[{"embeddable":true,"href":"https:\/\/bisbalpenedes.com\/web\/wp-json\/wp\/v2\/comments?post=18888"}],"version-history":[{"count":1,"href":"https:\/\/bisbalpenedes.com\/web\/wp-json\/wp\/v2\/posts\/18888\/revisions"}],"predecessor-version":[{"id":18890,"href":"https:\/\/bisbalpenedes.com\/web\/wp-json\/wp\/v2\/posts\/18888\/revisions\/18890"}],"wp:featuredmedia":[{"embeddable":true,"href":"https:\/\/bisbalpenedes.com\/web\/wp-json\/wp\/v2\/media\/18889"}],"wp:attachment":[{"href":"https:\/\/bisbalpenedes.com\/web\/wp-json\/wp\/v2\/media?parent=18888"}],"wp:term":[{"taxonomy":"category","embeddable":true,"href":"https:\/\/bisbalpenedes.com\/web\/wp-json\/wp\/v2\/categories?post=18888"},{"taxonomy":"post_tag","embeddable":true,"href":"https:\/\/bisbalpenedes.com\/web\/wp-json\/wp\/v2\/tags?post=18888"}],"curies":[{"name":"wp","href":"https:\/\/api.w.org\/{rel}","templated":true}]}}