{"id":18881,"date":"2021-08-19T07:06:22","date_gmt":"2021-08-19T05:06:22","guid":{"rendered":"https:\/\/bisbalpenedes.com\/web\/?p=18881"},"modified":"2021-08-19T19:14:49","modified_gmt":"2021-08-19T17:14:49","slug":"obert-el-termini-per-accedir-a-tres-contractes-en-practiques-remunerades-per-a-joves-en-el-marc-del-programa-de-garantia-juvenil","status":"publish","type":"post","link":"https:\/\/bisbalpenedes.com\/web\/2021\/08\/19\/obert-el-termini-per-accedir-a-tres-contractes-en-practiques-remunerades-per-a-joves-en-el-marc-del-programa-de-garantia-juvenil\/","title":{"rendered":"S&#8217;obre el termini per accedir a tres contractes en pr\u00e0ctiques remunerades -per a joves- en el marc del programa de Garantia Juvenil"},"content":{"rendered":"\n<p>L\u2019Ajuntament de la Bisbal del Pened\u00e8s contractar\u00e0 tres joves amb contracte de pr\u00e0ctiques remunerades durant sis mesos en el marc del programa de Garantia Juvenil. Concretament, contractar\u00e0:<\/p>\n\n\n\n<ul><li>2 auxiliars administratius per a l\u2019Ajuntament de la Bisbal del Pened\u00e8s<\/li><li>1 auxiliar administratiu per a la Biblioteca p\u00fablica<\/li><\/ul>\n\n\n\n<p>Els requisits indispensables per poder accedir a aquestes contractacions s\u00f3n:<\/p>\n\n\n\n<ul><li>Tenir entre 16 i 29 anys<\/li><li>Estar inscrit\/a al programa de Garantia Juvenil.<\/li><li>No haver estat contractat\/da en pr\u00e0ctiques durant un temps superior a dos anys.<\/li><li>Estar inscrit\/a a l\u2019oficina del SOC.<\/li><li>Comptar amb formaci\u00f3 professional de grau mitj\u00e0, com a m\u00ednim. i que no hagin passat m\u00e9s de cinc anys (amb algunes excepcions) des de la finalitzaci\u00f3 dels estudis.<\/li><\/ul>\n\n\n\n<p>Els interessats s\u2019han d\u2019adre\u00e7ar al Servei d\u2019Ocupaci\u00f3 de Catalunya i inscriure\u2019s a l\u2019oferta n\u00famero 09\/2021\/014616.<\/p>\n\n\n\n<p>El termini per apuntar-se a l\u2019oferta finalitza el dia 27 d&#8217;agost de 2021.<\/p>\n\n\n\n<p>&#8212;<\/p>\n\n\n\n<p>El Ayuntamiento de la Bisbal del Pened\u00e8s contratar\u00e1 a tres j\u00f3venes con contrato de pr\u00e1cticas remuneradas durante seis meses en el marco del programa de Garant\u00eda Juvenil. Concretamente, contratar\u00e1 a:<\/p>\n\n\n\n<ul><li>2 auxiliares administrativos para el Ayuntamiento de la Bisbal del Pened\u00e8s.<\/li><li>1 auxiliar administrativo para la Biblioteca p\u00fablica<\/li><\/ul>\n\n\n\n<p>Los requisitos indispensables para poder acceder a estas contrataciones son:<\/p>\n\n\n\n<ul><li>Tener entre 16 y 29 a\u00f1os<\/li><li>Estar inscrito\/a en el programa de Garant\u00eda Juvenil<\/li><li>No haber sido contratado\/a en pr\u00e1cticas durante un tiempo superior a dos a\u00f1os<\/li><li>Estar inscrito\/a en la oficina del SOC.<\/li><li>Contar con formaci\u00f3n profesional de grado medio, como m\u00ednimo, y que no hayan pasado m\u00e1s de cinco a\u00f1os (con algunas excepciones) desde la finalizaci\u00f3n de los estudios.<\/li><\/ul>\n\n\n\n<p>Los interesados se tienen que dirigir al Servei d\u2019Ocupaci\u00f3 de Catalunya e inscribirse en la oferta n\u00famero 09\/2021\/014616.<\/p>\n\n\n\n<p>El plazo para apuntarse a la oferta finaliza el d\u00eda de 27 de agosto de 2021.<\/p>\n","protected":false},"excerpt":{"rendered":"<p>L\u2019Ajuntament de la Bisbal del Pened\u00e8s contractar\u00e0 tres joves amb contracte de pr\u00e0ctiques remunerades durant sis mesos en el marc del programa de Garantia Juvenil. Concretament, contractar\u00e0: 2 auxiliars administratius &hellip; <a href=\"https:\/\/bisbalpenedes.com\/web\/2021\/08\/19\/obert-el-termini-per-accedir-a-tres-contractes-en-practiques-remunerades-per-a-joves-en-el-marc-del-programa-de-garantia-juvenil\/\" class=\"more-link\">Read More<\/a><\/p>\n","protected":false},"author":4,"featured_media":18884,"comment_status":"closed","ping_status":"closed","sticky":false,"template":"","format":"standard","meta":[],"categories":[4269,8,9],"tags":[2866,4706,1067,1834,848,4707],"_links":{"self":[{"href":"https:\/\/bisbalpenedes.com\/web\/wp-json\/wp\/v2\/posts\/18881"}],"collection":[{"href":"https:\/\/bisbalpenedes.com\/web\/wp-json\/wp\/v2\/posts"}],"about":[{"href":"https:\/\/bisbalpenedes.com\/web\/wp-json\/wp\/v2\/types\/post"}],"author":[{"embeddable":true,"href":"https:\/\/bisbalpenedes.com\/web\/wp-json\/wp\/v2\/users\/4"}],"replies":[{"embeddable":true,"href":"https:\/\/bisbalpenedes.com\/web\/wp-json\/wp\/v2\/comments?post=18881"}],"version-history":[{"count":3,"href":"https:\/\/bisbalpenedes.com\/web\/wp-json\/wp\/v2\/posts\/18881\/revisions"}],"predecessor-version":[{"id":18886,"href":"https:\/\/bisbalpenedes.com\/web\/wp-json\/wp\/v2\/posts\/18881\/revisions\/18886"}],"wp:featuredmedia":[{"embeddable":true,"href":"https:\/\/bisbalpenedes.com\/web\/wp-json\/wp\/v2\/media\/18884"}],"wp:attachment":[{"href":"https:\/\/bisbalpenedes.com\/web\/wp-json\/wp\/v2\/media?parent=18881"}],"wp:term":[{"taxonomy":"category","embeddable":true,"href":"https:\/\/bisbalpenedes.com\/web\/wp-json\/wp\/v2\/categories?post=18881"},{"taxonomy":"post_tag","embeddable":true,"href":"https:\/\/bisbalpenedes.com\/web\/wp-json\/wp\/v2\/tags?post=18881"}],"curies":[{"name":"wp","href":"https:\/\/api.w.org\/{rel}","templated":true}]}}