{"id":18877,"date":"2021-08-16T09:00:00","date_gmt":"2021-08-16T07:00:00","guid":{"rendered":"https:\/\/bisbalpenedes.com\/web\/?p=18877"},"modified":"2021-08-16T12:12:54","modified_gmt":"2021-08-16T10:12:54","slug":"recordeu-avui-dilluns-16-dagost-es-festa-local","status":"publish","type":"post","link":"https:\/\/bisbalpenedes.com\/web\/2021\/08\/16\/recordeu-avui-dilluns-16-dagost-es-festa-local\/","title":{"rendered":"Recordeu: Avui dilluns 16 d&#8217;agost \u00e9s Festa Local"},"content":{"rendered":"\n<p>Avui dilluns 16 d&#8217;agost \u00e9s festa local i l&#8217;Ajuntament de La Bisbal del Pened\u00e8s est\u00e0 tancat. Que acabeu de passar una bona Festa Major!<\/p>\n\n\n\n<hr class=\"wp-block-separator\"\/>\n\n\n\n<p>Hoy lunes 16 de agosto es fiesta local y el Ayuntamiento de La Bisbal del Pened\u00e8s est\u00e1 cerrado. \u00a1Que termin\u00e9is de pasar una buena Fiesta Mayor!<\/p>\n\n\n\n<p><\/p>\n","protected":false},"excerpt":{"rendered":"<p>Avui dilluns 16 d&#8217;agost \u00e9s festa local i l&#8217;Ajuntament de La Bisbal del Pened\u00e8s est\u00e0 tancat. Que acabeu de passar una bona Festa Major! Hoy lunes 16 de agosto es &hellip; <a href=\"https:\/\/bisbalpenedes.com\/web\/2021\/08\/16\/recordeu-avui-dilluns-16-dagost-es-festa-local\/\" class=\"more-link\">Read More<\/a><\/p>\n","protected":false},"author":4,"featured_media":18878,"comment_status":"closed","ping_status":"closed","sticky":false,"template":"","format":"standard","meta":[],"categories":[1628,8],"tags":[280,4456,4705],"_links":{"self":[{"href":"https:\/\/bisbalpenedes.com\/web\/wp-json\/wp\/v2\/posts\/18877"}],"collection":[{"href":"https:\/\/bisbalpenedes.com\/web\/wp-json\/wp\/v2\/posts"}],"about":[{"href":"https:\/\/bisbalpenedes.com\/web\/wp-json\/wp\/v2\/types\/post"}],"author":[{"embeddable":true,"href":"https:\/\/bisbalpenedes.com\/web\/wp-json\/wp\/v2\/users\/4"}],"replies":[{"embeddable":true,"href":"https:\/\/bisbalpenedes.com\/web\/wp-json\/wp\/v2\/comments?post=18877"}],"version-history":[{"count":1,"href":"https:\/\/bisbalpenedes.com\/web\/wp-json\/wp\/v2\/posts\/18877\/revisions"}],"predecessor-version":[{"id":18879,"href":"https:\/\/bisbalpenedes.com\/web\/wp-json\/wp\/v2\/posts\/18877\/revisions\/18879"}],"wp:featuredmedia":[{"embeddable":true,"href":"https:\/\/bisbalpenedes.com\/web\/wp-json\/wp\/v2\/media\/18878"}],"wp:attachment":[{"href":"https:\/\/bisbalpenedes.com\/web\/wp-json\/wp\/v2\/media?parent=18877"}],"wp:term":[{"taxonomy":"category","embeddable":true,"href":"https:\/\/bisbalpenedes.com\/web\/wp-json\/wp\/v2\/categories?post=18877"},{"taxonomy":"post_tag","embeddable":true,"href":"https:\/\/bisbalpenedes.com\/web\/wp-json\/wp\/v2\/tags?post=18877"}],"curies":[{"name":"wp","href":"https:\/\/api.w.org\/{rel}","templated":true}]}}