{"id":18871,"date":"2021-08-16T12:08:16","date_gmt":"2021-08-16T10:08:16","guid":{"rendered":"https:\/\/bisbalpenedes.com\/web\/?p=18871"},"modified":"2021-08-16T12:08:16","modified_gmt":"2021-08-16T10:08:16","slug":"aquesta-setmana-iniciem-una-campanya-informativa-sobre-la-materia-organica-i-els-residus-voluminosos","status":"publish","type":"post","link":"https:\/\/bisbalpenedes.com\/web\/2021\/08\/16\/aquesta-setmana-iniciem-una-campanya-informativa-sobre-la-materia-organica-i-els-residus-voluminosos\/","title":{"rendered":"Aquesta setmana iniciem una campanya informativa sobre la mat\u00e8ria org\u00e0nica i els residus voluminosos"},"content":{"rendered":"\n<p>Aquesta setmana engeguem accions formatives per resoldre tots els dubtes que tingueu sobre el reciclatge de la mat\u00e8ria org\u00e0nica -i sobre el compostatge- i sobre la recollida de voluminosos. Us adjuntem una imatge amb informaci\u00f3 sobre els diversos punts informatius que trobareu al municipi durant el mes d&#8217;agost.<\/p>\n\n\n\n<hr class=\"wp-block-separator\"\/>\n\n\n\n<p>Esta semana iniciamos acciones informativas para resolver todas las dudas que teng\u00e1is sobre el reciclaje de la materia org\u00e1nica -y sobre el compostaje- y sobre la recogida de voluminosos. Os adjuntamos una imagen con informaci\u00f3n sobre los distintos puntos informativos que encontrar\u00e9is en el municipio durante el mes de agosto.<\/p>\n\n\n\n<figure class=\"wp-block-image size-large\"><img loading=\"lazy\" width=\"1024\" height=\"725\" src=\"https:\/\/bisbalpenedes.com\/web\/wp-content\/uploads\/2021\/08\/Di\u0301ptic-CAT_Bisbal-del-Penede\u0300s_v3_page-0001-1024x725.jpg\" alt=\"\" class=\"wp-image-18873\" srcset=\"https:\/\/bisbalpenedes.com\/web\/wp-content\/uploads\/2021\/08\/Di\u0301ptic-CAT_Bisbal-del-Penede\u0300s_v3_page-0001-1024x725.jpg 1024w, https:\/\/bisbalpenedes.com\/web\/wp-content\/uploads\/2021\/08\/Di\u0301ptic-CAT_Bisbal-del-Penede\u0300s_v3_page-0001-600x425.jpg 600w, https:\/\/bisbalpenedes.com\/web\/wp-content\/uploads\/2021\/08\/Di\u0301ptic-CAT_Bisbal-del-Penede\u0300s_v3_page-0001-300x212.jpg 300w, https:\/\/bisbalpenedes.com\/web\/wp-content\/uploads\/2021\/08\/Di\u0301ptic-CAT_Bisbal-del-Penede\u0300s_v3_page-0001-768x543.jpg 768w, https:\/\/bisbalpenedes.com\/web\/wp-content\/uploads\/2021\/08\/Di\u0301ptic-CAT_Bisbal-del-Penede\u0300s_v3_page-0001-1536x1087.jpg 1536w, https:\/\/bisbalpenedes.com\/web\/wp-content\/uploads\/2021\/08\/Di\u0301ptic-CAT_Bisbal-del-Penede\u0300s_v3_page-0001.jpg 1754w\" sizes=\"(max-width: 1024px) 100vw, 1024px\" \/><\/figure>\n\n\n\n<figure class=\"wp-block-image size-large\"><img loading=\"lazy\" width=\"1024\" height=\"725\" src=\"https:\/\/bisbalpenedes.com\/web\/wp-content\/uploads\/2021\/08\/Di\u0301ptic-CAT_Bisbal-del-Penede\u0300s_v3_page-0002-1024x725.jpg\" alt=\"\" class=\"wp-image-18874\" srcset=\"https:\/\/bisbalpenedes.com\/web\/wp-content\/uploads\/2021\/08\/Di\u0301ptic-CAT_Bisbal-del-Penede\u0300s_v3_page-0002-1024x725.jpg 1024w, https:\/\/bisbalpenedes.com\/web\/wp-content\/uploads\/2021\/08\/Di\u0301ptic-CAT_Bisbal-del-Penede\u0300s_v3_page-0002-600x425.jpg 600w, https:\/\/bisbalpenedes.com\/web\/wp-content\/uploads\/2021\/08\/Di\u0301ptic-CAT_Bisbal-del-Penede\u0300s_v3_page-0002-300x212.jpg 300w, https:\/\/bisbalpenedes.com\/web\/wp-content\/uploads\/2021\/08\/Di\u0301ptic-CAT_Bisbal-del-Penede\u0300s_v3_page-0002-768x543.jpg 768w, https:\/\/bisbalpenedes.com\/web\/wp-content\/uploads\/2021\/08\/Di\u0301ptic-CAT_Bisbal-del-Penede\u0300s_v3_page-0002-1536x1087.jpg 1536w, https:\/\/bisbalpenedes.com\/web\/wp-content\/uploads\/2021\/08\/Di\u0301ptic-CAT_Bisbal-del-Penede\u0300s_v3_page-0002.jpg 1754w\" sizes=\"(max-width: 1024px) 100vw, 1024px\" \/><\/figure>\n","protected":false},"excerpt":{"rendered":"<p>Aquesta setmana engeguem accions formatives per resoldre tots els dubtes que tingueu sobre el reciclatge de la mat\u00e8ria org\u00e0nica -i sobre el compostatge- i sobre la recollida de voluminosos. Us &hellip; <a href=\"https:\/\/bisbalpenedes.com\/web\/2021\/08\/16\/aquesta-setmana-iniciem-una-campanya-informativa-sobre-la-materia-organica-i-els-residus-voluminosos\/\" class=\"more-link\">Read More<\/a><\/p>\n","protected":false},"author":4,"featured_media":18872,"comment_status":"closed","ping_status":"closed","sticky":false,"template":"","format":"standard","meta":[],"categories":[3215,8],"tags":[1479,1907,2446,4704,1183],"_links":{"self":[{"href":"https:\/\/bisbalpenedes.com\/web\/wp-json\/wp\/v2\/posts\/18871"}],"collection":[{"href":"https:\/\/bisbalpenedes.com\/web\/wp-json\/wp\/v2\/posts"}],"about":[{"href":"https:\/\/bisbalpenedes.com\/web\/wp-json\/wp\/v2\/types\/post"}],"author":[{"embeddable":true,"href":"https:\/\/bisbalpenedes.com\/web\/wp-json\/wp\/v2\/users\/4"}],"replies":[{"embeddable":true,"href":"https:\/\/bisbalpenedes.com\/web\/wp-json\/wp\/v2\/comments?post=18871"}],"version-history":[{"count":1,"href":"https:\/\/bisbalpenedes.com\/web\/wp-json\/wp\/v2\/posts\/18871\/revisions"}],"predecessor-version":[{"id":18875,"href":"https:\/\/bisbalpenedes.com\/web\/wp-json\/wp\/v2\/posts\/18871\/revisions\/18875"}],"wp:featuredmedia":[{"embeddable":true,"href":"https:\/\/bisbalpenedes.com\/web\/wp-json\/wp\/v2\/media\/18872"}],"wp:attachment":[{"href":"https:\/\/bisbalpenedes.com\/web\/wp-json\/wp\/v2\/media?parent=18871"}],"wp:term":[{"taxonomy":"category","embeddable":true,"href":"https:\/\/bisbalpenedes.com\/web\/wp-json\/wp\/v2\/categories?post=18871"},{"taxonomy":"post_tag","embeddable":true,"href":"https:\/\/bisbalpenedes.com\/web\/wp-json\/wp\/v2\/tags?post=18871"}],"curies":[{"name":"wp","href":"https:\/\/api.w.org\/{rel}","templated":true}]}}