{"id":18865,"date":"2021-08-14T09:00:00","date_gmt":"2021-08-14T07:00:00","guid":{"rendered":"https:\/\/bisbalpenedes.com\/web\/?p=18865"},"modified":"2021-08-14T14:56:03","modified_gmt":"2021-08-14T12:56:03","slug":"avis-aquest-cap-de-setmana-les-temperatures-seran-molt-altes","status":"publish","type":"post","link":"https:\/\/bisbalpenedes.com\/web\/2021\/08\/14\/avis-aquest-cap-de-setmana-les-temperatures-seran-molt-altes\/","title":{"rendered":"Av\u00eds: aquest cap de setmana les temperatures seran molt altes"},"content":{"rendered":"\n<p>Aquest cap de setmana s&#8217;esperen temperatures molt altes. Per aix\u00f2, i tenint en compte que per dem\u00e0 diumenge al migdia est\u00e0 previst el concert de gralles amb els grallers de les colles castelleres, demanem a les persones inscrites que us protegiu amb barrets o gorres i crema solar, que porteu un ventall i una ampolla petita d&#8217;aigua fresca i, en definitiva, que prengueu totes les mesures personals possibles per evitar un cop de calor. A m\u00e9s, recomanem que les persones d&#8217;avan\u00e7ada edat, les persones que estiguin delicades de salut i els nadons es quedin a casa, en un ambient el m\u00e9s fresc possible. En dies de molta calor \u00e9s molt important hidratar-se i protegir-se del sol.<\/p>\n\n\n\n<hr class=\"wp-block-separator\"\/>\n\n\n\n<p>Este fin de semana se esperan temperaturas muy altas. Por este motivo, y teniendo en cuenta que para ma\u00f1ana domingo a mediod\u00eda est\u00e1 previsto el concierto de grallas con los grallers de los castellers, os pedimos -a las personas inscritas- que os protej\u00e1is con sombreros o gorras y crema solar, que llev\u00e9is un abanico y una botella peque\u00f1a de agua fresca y, en definitiva, que tom\u00e9is todas las medidas personales posibles para evitar un golpe de calor. Adem\u00e1s, recomendamos que las personas de avanzada edad, las personas que est\u00e9n delicadas de salud y los beb\u00e9s se queden en casa, en un ambiente lo\u00a0\u00a0m\u00e1s fresco posible. En d\u00edas de mucha calor es muy importante hidratarse y protegerse del sol.<\/p>\n\n\n\n<figure class=\"wp-block-image size-large\"><img loading=\"lazy\" width=\"828\" height=\"828\" src=\"https:\/\/bisbalpenedes.com\/web\/wp-content\/uploads\/2021\/08\/DC7FBAE2-1C7A-4F9F-BC2B-BC6535F0601C.jpeg\" alt=\"\" class=\"wp-image-18866\" srcset=\"https:\/\/bisbalpenedes.com\/web\/wp-content\/uploads\/2021\/08\/DC7FBAE2-1C7A-4F9F-BC2B-BC6535F0601C.jpeg 828w, https:\/\/bisbalpenedes.com\/web\/wp-content\/uploads\/2021\/08\/DC7FBAE2-1C7A-4F9F-BC2B-BC6535F0601C-300x300.jpeg 300w, https:\/\/bisbalpenedes.com\/web\/wp-content\/uploads\/2021\/08\/DC7FBAE2-1C7A-4F9F-BC2B-BC6535F0601C-100x100.jpeg 100w, https:\/\/bisbalpenedes.com\/web\/wp-content\/uploads\/2021\/08\/DC7FBAE2-1C7A-4F9F-BC2B-BC6535F0601C-600x600.jpeg 600w, https:\/\/bisbalpenedes.com\/web\/wp-content\/uploads\/2021\/08\/DC7FBAE2-1C7A-4F9F-BC2B-BC6535F0601C-150x150.jpeg 150w, https:\/\/bisbalpenedes.com\/web\/wp-content\/uploads\/2021\/08\/DC7FBAE2-1C7A-4F9F-BC2B-BC6535F0601C-768x768.jpeg 768w\" sizes=\"(max-width: 828px) 100vw, 828px\" \/><\/figure>\n\n\n\n<figure class=\"wp-block-image size-large\"><img loading=\"lazy\" width=\"828\" height=\"828\" src=\"https:\/\/bisbalpenedes.com\/web\/wp-content\/uploads\/2021\/08\/A4A81256-C788-4DC7-B0EA-476B830D4889.jpeg\" alt=\"\" class=\"wp-image-18867\" srcset=\"https:\/\/bisbalpenedes.com\/web\/wp-content\/uploads\/2021\/08\/A4A81256-C788-4DC7-B0EA-476B830D4889.jpeg 828w, https:\/\/bisbalpenedes.com\/web\/wp-content\/uploads\/2021\/08\/A4A81256-C788-4DC7-B0EA-476B830D4889-300x300.jpeg 300w, https:\/\/bisbalpenedes.com\/web\/wp-content\/uploads\/2021\/08\/A4A81256-C788-4DC7-B0EA-476B830D4889-100x100.jpeg 100w, https:\/\/bisbalpenedes.com\/web\/wp-content\/uploads\/2021\/08\/A4A81256-C788-4DC7-B0EA-476B830D4889-600x600.jpeg 600w, https:\/\/bisbalpenedes.com\/web\/wp-content\/uploads\/2021\/08\/A4A81256-C788-4DC7-B0EA-476B830D4889-150x150.jpeg 150w, https:\/\/bisbalpenedes.com\/web\/wp-content\/uploads\/2021\/08\/A4A81256-C788-4DC7-B0EA-476B830D4889-768x768.jpeg 768w\" sizes=\"(max-width: 828px) 100vw, 828px\" \/><\/figure>\n","protected":false},"excerpt":{"rendered":"<p>Aquest cap de setmana s&#8217;esperen temperatures molt altes. Per aix\u00f2, i tenint en compte que per dem\u00e0 diumenge al migdia est\u00e0 previst el concert de gralles amb els grallers de &hellip; <a href=\"https:\/\/bisbalpenedes.com\/web\/2021\/08\/14\/avis-aquest-cap-de-setmana-les-temperatures-seran-molt-altes\/\" class=\"more-link\">Read More<\/a><\/p>\n","protected":false},"author":4,"featured_media":18866,"comment_status":"closed","ping_status":"closed","sticky":false,"template":"","format":"standard","meta":[],"categories":[1628,2161,2543,8],"tags":[4580,76,280,1188],"_links":{"self":[{"href":"https:\/\/bisbalpenedes.com\/web\/wp-json\/wp\/v2\/posts\/18865"}],"collection":[{"href":"https:\/\/bisbalpenedes.com\/web\/wp-json\/wp\/v2\/posts"}],"about":[{"href":"https:\/\/bisbalpenedes.com\/web\/wp-json\/wp\/v2\/types\/post"}],"author":[{"embeddable":true,"href":"https:\/\/bisbalpenedes.com\/web\/wp-json\/wp\/v2\/users\/4"}],"replies":[{"embeddable":true,"href":"https:\/\/bisbalpenedes.com\/web\/wp-json\/wp\/v2\/comments?post=18865"}],"version-history":[{"count":1,"href":"https:\/\/bisbalpenedes.com\/web\/wp-json\/wp\/v2\/posts\/18865\/revisions"}],"predecessor-version":[{"id":18868,"href":"https:\/\/bisbalpenedes.com\/web\/wp-json\/wp\/v2\/posts\/18865\/revisions\/18868"}],"wp:featuredmedia":[{"embeddable":true,"href":"https:\/\/bisbalpenedes.com\/web\/wp-json\/wp\/v2\/media\/18866"}],"wp:attachment":[{"href":"https:\/\/bisbalpenedes.com\/web\/wp-json\/wp\/v2\/media?parent=18865"}],"wp:term":[{"taxonomy":"category","embeddable":true,"href":"https:\/\/bisbalpenedes.com\/web\/wp-json\/wp\/v2\/categories?post=18865"},{"taxonomy":"post_tag","embeddable":true,"href":"https:\/\/bisbalpenedes.com\/web\/wp-json\/wp\/v2\/tags?post=18865"}],"curies":[{"name":"wp","href":"https:\/\/api.w.org\/{rel}","templated":true}]}}