{"id":1886,"date":"2016-12-13T17:52:12","date_gmt":"2016-12-13T11:52:12","guid":{"rendered":"http:\/\/bisbalpenedes.com\/web\/?p=1886"},"modified":"2016-12-13T17:52:12","modified_gmt":"2016-12-13T11:52:12","slug":"reobertura-del-pij","status":"publish","type":"post","link":"https:\/\/bisbalpenedes.com\/web\/2016\/12\/13\/reobertura-del-pij\/","title":{"rendered":"REOBERTURA DEL PIJ"},"content":{"rendered":"<p>VINE A CON\u00c8IXER EL NOU PUNT D&#8217;INFORMACI\u00d3 JUVENIL<br \/>\nAQUEST DIVENDRES 16 DE DESEMBRE DE LES 17:00H A LES 19:00H A LA PLA\u00c7A MAJOR, DAVANT DEL CMC<br \/>\n17:00h Diferents activitats per a nens i joves; jocs, Carpa informativa, taller de xapes<br \/>\n18:00h Acte institucional d\u2019inauguraci\u00f3<br \/>\n19:00h Mannequin Challenge, vine i surt al v\u00eddeo com a protagonista<br \/>\nAl acabar, aperitiu per a tots els assistents<br \/>\nConcurs de fotografia i premis durant tota la tarda<br \/>\nEn cas de pluja es far\u00e0 dins el CMC.<br \/>\nVINE I GAUDEIX DE LA FESTA JOVE DEL TEU POBLE!!<br \/>\nRegidoria de Joventut<\/p>\n<p><a href=\"http:\/\/bisbalpenedes.com\/web\/wp-content\/uploads\/2016\/12\/POSTER_PIJ_2.jpg\"><img loading=\"lazy\" src=\"http:\/\/bisbalpenedes.com\/web\/wp-content\/uploads\/2016\/12\/POSTER_PIJ_2-212x300.jpg\" alt=\"\" title=\"POSTER_PIJ_2\" width=\"212\" height=\"300\" class=\"alignleft size-medium wp-image-1887\" srcset=\"https:\/\/bisbalpenedes.com\/web\/wp-content\/uploads\/2016\/12\/POSTER_PIJ_2-212x300.jpg 212w, https:\/\/bisbalpenedes.com\/web\/wp-content\/uploads\/2016\/12\/POSTER_PIJ_2-600x848.jpg 600w, https:\/\/bisbalpenedes.com\/web\/wp-content\/uploads\/2016\/12\/POSTER_PIJ_2-724x1024.jpg 724w, https:\/\/bisbalpenedes.com\/web\/wp-content\/uploads\/2016\/12\/POSTER_PIJ_2.jpg 1754w\" sizes=\"(max-width: 212px) 100vw, 212px\" \/><\/a><\/p>\n","protected":false},"excerpt":{"rendered":"<p>VINE A CON\u00c8IXER EL NOU PUNT D&#8217;INFORMACI\u00d3 JUVENIL AQUEST DIVENDRES 16 DE DESEMBRE DE LES 17:00H A LES 19:00H A LA PLA\u00c7A MAJOR, DAVANT DEL CMC 17:00h Diferents activitats per &hellip; <a href=\"https:\/\/bisbalpenedes.com\/web\/2016\/12\/13\/reobertura-del-pij\/\" class=\"more-link\">Read More<\/a><\/p>\n","protected":false},"author":1,"featured_media":1887,"comment_status":"closed","ping_status":"closed","sticky":false,"template":"","format":"standard","meta":[],"categories":[5],"tags":[210,209],"_links":{"self":[{"href":"https:\/\/bisbalpenedes.com\/web\/wp-json\/wp\/v2\/posts\/1886"}],"collection":[{"href":"https:\/\/bisbalpenedes.com\/web\/wp-json\/wp\/v2\/posts"}],"about":[{"href":"https:\/\/bisbalpenedes.com\/web\/wp-json\/wp\/v2\/types\/post"}],"author":[{"embeddable":true,"href":"https:\/\/bisbalpenedes.com\/web\/wp-json\/wp\/v2\/users\/1"}],"replies":[{"embeddable":true,"href":"https:\/\/bisbalpenedes.com\/web\/wp-json\/wp\/v2\/comments?post=1886"}],"version-history":[{"count":1,"href":"https:\/\/bisbalpenedes.com\/web\/wp-json\/wp\/v2\/posts\/1886\/revisions"}],"predecessor-version":[{"id":1888,"href":"https:\/\/bisbalpenedes.com\/web\/wp-json\/wp\/v2\/posts\/1886\/revisions\/1888"}],"wp:featuredmedia":[{"embeddable":true,"href":"https:\/\/bisbalpenedes.com\/web\/wp-json\/wp\/v2\/media\/1887"}],"wp:attachment":[{"href":"https:\/\/bisbalpenedes.com\/web\/wp-json\/wp\/v2\/media?parent=1886"}],"wp:term":[{"taxonomy":"category","embeddable":true,"href":"https:\/\/bisbalpenedes.com\/web\/wp-json\/wp\/v2\/categories?post=1886"},{"taxonomy":"post_tag","embeddable":true,"href":"https:\/\/bisbalpenedes.com\/web\/wp-json\/wp\/v2\/tags?post=1886"}],"curies":[{"name":"wp","href":"https:\/\/api.w.org\/{rel}","templated":true}]}}