{"id":18841,"date":"2021-08-12T09:04:54","date_gmt":"2021-08-12T07:04:54","guid":{"rendered":"https:\/\/bisbalpenedes.com\/web\/?p=18841"},"modified":"2021-08-12T09:05:10","modified_gmt":"2021-08-12T07:05:10","slug":"catalunya-esta-en-alerta-per-onada-de-calor-seguiu-les-recomanacions-de-proteccio-civil-i-el-departament-de-salut-de-la-generalitat-de-catalunya","status":"publish","type":"post","link":"https:\/\/bisbalpenedes.com\/web\/2021\/08\/12\/catalunya-esta-en-alerta-per-onada-de-calor-seguiu-les-recomanacions-de-proteccio-civil-i-el-departament-de-salut-de-la-generalitat-de-catalunya\/","title":{"rendered":"Catalunya est\u00e0 en alerta per onada de calor &#8211; Seguiu les recomanacions de Protecci\u00f3 Civil i del Departament de Salut de la Generalitat de Catalunya"},"content":{"rendered":"\n<p>Catalunya est\u00e0 en alerta per onada de calor. Aquesta setmana es donaran temperatures extremes en molts punts de la nostra geografia. Hidrateu-vos sovint, protegiu-vos del sol i seguiu les recomanacions de Protecci\u00f3 Civil i el Departament de Salut de la Generalitat de Catalunya.<\/p>\n\n\n\n<p><br>Podeu trobar m\u00e9s informaci\u00f3 aqu\u00ed: <a rel=\"noreferrer noopener\" href=\"http:\/\/interior.gencat.cat\/ca\/arees_dactuacio\/proteccio_civil\/consells_autoproteccio_emergencia\/riscos_naturals\/onada_de_calor\/\" target=\"_blank\">http:\/\/interior.gencat.cat\/ca\/arees_dactuacio\/proteccio_civil\/consells_autoproteccio_emergencia\/riscos_naturals\/onada_de_calor\/<\/a><\/p>\n\n\n\n<p><br>Per consultar la previsi\u00f3 meteorol\u00f2gica, podeu accedir a aquest enlla\u00e7: <a rel=\"noreferrer noopener\" href=\"https:\/\/www.meteo.cat\/prediccio\/general\" target=\"_blank\">https:\/\/www.meteo.cat\/prediccio\/general<\/a><\/p>\n\n\n\n<hr class=\"wp-block-separator\"\/>\n\n\n\n<p>Catalu\u00f1a est\u00e1 en alerta por ola de calor. Esta semana se dar\u00e1n temperaturas extremas en muchos puntos de nuestra geograf\u00eda. Hidrataos a menudo, protegeos del sol y seguid las recomendaciones de Protecci\u00f3n Civil y el Departamento de Salud de la Generalitat de Catalunya.<\/p>\n\n\n\n<p>Pod\u00e9is encontrar m\u00e1s informaci\u00f3n aqu\u00ed: <a rel=\"noreferrer noopener\" href=\"http:\/\/interior.gencat.cat\/ca\/arees_dactuacio\/proteccio_civil\/consells_autoproteccio_emergencia\/riscos_naturals\/onada_de_calor\/\" target=\"_blank\">http:\/\/interior.gencat.cat\/ca\/arees_dactuacio\/proteccio_civil\/consells_autoproteccio_emergencia\/riscos_naturals\/onada_de_calor\/<\/a><\/p>\n\n\n\n<p><br>Para consultar la previsi\u00f3n meteorol\u00f3gica, pod\u00e9is acceder a este enlace: <a href=\"https:\/\/www.meteo.cat\/prediccio\/general\" target=\"_blank\" rel=\"noreferrer noopener\">https:\/\/www.meteo.cat\/prediccio\/general<\/a><\/p>\n\n\n\n<figure class=\"wp-block-image size-large\"><img loading=\"lazy\" width=\"786\" height=\"1024\" src=\"https:\/\/bisbalpenedes.com\/web\/wp-content\/uploads\/2021\/06\/CALOR-786x1024.jpeg\" alt=\"\" class=\"wp-image-18147\" srcset=\"https:\/\/bisbalpenedes.com\/web\/wp-content\/uploads\/2021\/06\/CALOR-786x1024.jpeg 786w, https:\/\/bisbalpenedes.com\/web\/wp-content\/uploads\/2021\/06\/CALOR-600x782.jpeg 600w, https:\/\/bisbalpenedes.com\/web\/wp-content\/uploads\/2021\/06\/CALOR-230x300.jpeg 230w, https:\/\/bisbalpenedes.com\/web\/wp-content\/uploads\/2021\/06\/CALOR-768x1001.jpeg 768w, https:\/\/bisbalpenedes.com\/web\/wp-content\/uploads\/2021\/06\/CALOR-1179x1536.jpeg 1179w, https:\/\/bisbalpenedes.com\/web\/wp-content\/uploads\/2021\/06\/CALOR.jpeg 1240w\" sizes=\"(max-width: 786px) 100vw, 786px\" \/><\/figure>\n\n\n\n<p><\/p>\n","protected":false},"excerpt":{"rendered":"<p>Catalunya est\u00e0 en alerta per onada de calor. Aquesta setmana es donaran temperatures extremes en molts punts de la nostra geografia. Hidrateu-vos sovint, protegiu-vos del sol i seguiu les recomanacions &hellip; <a href=\"https:\/\/bisbalpenedes.com\/web\/2021\/08\/12\/catalunya-esta-en-alerta-per-onada-de-calor-seguiu-les-recomanacions-de-proteccio-civil-i-el-departament-de-salut-de-la-generalitat-de-catalunya\/\" class=\"more-link\">Read More<\/a><\/p>\n","protected":false},"author":4,"featured_media":18842,"comment_status":"closed","ping_status":"closed","sticky":false,"template":"","format":"standard","meta":[],"categories":[1628,2543,8],"tags":[76,393,2050,1188,2228],"_links":{"self":[{"href":"https:\/\/bisbalpenedes.com\/web\/wp-json\/wp\/v2\/posts\/18841"}],"collection":[{"href":"https:\/\/bisbalpenedes.com\/web\/wp-json\/wp\/v2\/posts"}],"about":[{"href":"https:\/\/bisbalpenedes.com\/web\/wp-json\/wp\/v2\/types\/post"}],"author":[{"embeddable":true,"href":"https:\/\/bisbalpenedes.com\/web\/wp-json\/wp\/v2\/users\/4"}],"replies":[{"embeddable":true,"href":"https:\/\/bisbalpenedes.com\/web\/wp-json\/wp\/v2\/comments?post=18841"}],"version-history":[{"count":2,"href":"https:\/\/bisbalpenedes.com\/web\/wp-json\/wp\/v2\/posts\/18841\/revisions"}],"predecessor-version":[{"id":18844,"href":"https:\/\/bisbalpenedes.com\/web\/wp-json\/wp\/v2\/posts\/18841\/revisions\/18844"}],"wp:featuredmedia":[{"embeddable":true,"href":"https:\/\/bisbalpenedes.com\/web\/wp-json\/wp\/v2\/media\/18842"}],"wp:attachment":[{"href":"https:\/\/bisbalpenedes.com\/web\/wp-json\/wp\/v2\/media?parent=18841"}],"wp:term":[{"taxonomy":"category","embeddable":true,"href":"https:\/\/bisbalpenedes.com\/web\/wp-json\/wp\/v2\/categories?post=18841"},{"taxonomy":"post_tag","embeddable":true,"href":"https:\/\/bisbalpenedes.com\/web\/wp-json\/wp\/v2\/tags?post=18841"}],"curies":[{"name":"wp","href":"https:\/\/api.w.org\/{rel}","templated":true}]}}