{"id":18836,"date":"2021-08-11T14:54:07","date_gmt":"2021-08-11T12:54:07","guid":{"rendered":"https:\/\/bisbalpenedes.com\/web\/?p=18836"},"modified":"2021-08-11T14:54:48","modified_gmt":"2021-08-11T12:54:48","slug":"el-departament-de-salut-ha-iniciat-la-campana-vacunat-sense-cita-a-la-regio-sanitaria-del-camp-de-tarragona","status":"publish","type":"post","link":"https:\/\/bisbalpenedes.com\/web\/2021\/08\/11\/el-departament-de-salut-ha-iniciat-la-campana-vacunat-sense-cita-a-la-regio-sanitaria-del-camp-de-tarragona\/","title":{"rendered":"El Departament de Salut ha iniciat la campanya &#8220;Vacuna&#8217;t sense cita&#8221; a la regi\u00f3 sanit\u00e0ria del Camp de Tarragona"},"content":{"rendered":"\n<p>El Departament de Salut ha iniciat la campanya &#8220;Vacuna&#8217;t sense cita&#8221; que posa a disposici\u00f3 dels ciutadans residents a Catalunya -amb targeta sanit\u00e0ria- poder accedir a la vacunaci\u00f3 sense haver demanat cita en els diferents punts de vacunaci\u00f3 poblacional de la Regi\u00f3 Sanit\u00e0ria del Camp de Tarragona. Actualment, els punts on es poden adre\u00e7ar els usuaris amb aquestes caracter\u00edstiques s\u00f3n els de la imatge.<\/p>\n\n\n\n<p>Per a m\u00e9s informaci\u00f3 podeu accedir a l&#8217;enlla\u00e7:&nbsp;<a href=\"https:\/\/canalsalut.gencat.cat\/ca\/salut-a-z\/v\/vacuna-covid-19\/convocatoria\/ciutadania\/vacuna-sense-cita\/?123\">https:\/\/canalsalut.gencat.cat\/ca\/salut-a-z\/v\/vacuna-covid-19\/convocatoria\/ciutadania\/vacuna-sense-cita\/?123<\/a><\/p>\n\n\n\n<hr class=\"wp-block-separator\"\/>\n\n\n\n<p>El Departamento de Salud ha iniciado la campa\u00f1a &#8220;Vac\u00fanate sin cita&#8221; que pone a disposici\u00f3n de los ciudadanos residentes en Catalunya -con tarjeta sanitaria-poder acceder a la vacunaci\u00f3n sin haber solicitado cita en los distintos puntos de vacunaci\u00f3n poblacional de la Regi\u00f3n Sanitaria del Camp de Tarragona. Actualmente, los puntos a los que se pueden dirigir los usuarios con estas caracter\u00edsticas son los de la imagen.<\/p>\n\n\n\n<p>Para m\u00e1s informaci\u00f3n pod\u00e9is acceder al enlace:&nbsp;<a href=\"https:\/\/canalsalut.gencat.cat\/ca\/salut-a-z\/v\/vacuna-covid-19\/convocatoria\/ciutadania\/vacuna-sense-cita\/?123\">https:\/\/canalsalut.gencat.cat\/ca\/salut-a-z\/v\/vacuna-covid-19\/convocatoria\/ciutadania\/vacuna-sense-cita\/?123<\/a><\/p>\n","protected":false},"excerpt":{"rendered":"<p>El Departament de Salut ha iniciat la campanya &#8220;Vacuna&#8217;t sense cita&#8221; que posa a disposici\u00f3 dels ciutadans residents a Catalunya -amb targeta sanit\u00e0ria- poder accedir a la vacunaci\u00f3 sense haver &hellip; <a href=\"https:\/\/bisbalpenedes.com\/web\/2021\/08\/11\/el-departament-de-salut-ha-iniciat-la-campana-vacunat-sense-cita-a-la-regio-sanitaria-del-camp-de-tarragona\/\" class=\"more-link\">Read More<\/a><\/p>\n","protected":false},"author":4,"featured_media":18837,"comment_status":"closed","ping_status":"closed","sticky":false,"template":"","format":"standard","meta":[],"categories":[8,14],"tags":[3550,3559,145,434,4601,431],"_links":{"self":[{"href":"https:\/\/bisbalpenedes.com\/web\/wp-json\/wp\/v2\/posts\/18836"}],"collection":[{"href":"https:\/\/bisbalpenedes.com\/web\/wp-json\/wp\/v2\/posts"}],"about":[{"href":"https:\/\/bisbalpenedes.com\/web\/wp-json\/wp\/v2\/types\/post"}],"author":[{"embeddable":true,"href":"https:\/\/bisbalpenedes.com\/web\/wp-json\/wp\/v2\/users\/4"}],"replies":[{"embeddable":true,"href":"https:\/\/bisbalpenedes.com\/web\/wp-json\/wp\/v2\/comments?post=18836"}],"version-history":[{"count":2,"href":"https:\/\/bisbalpenedes.com\/web\/wp-json\/wp\/v2\/posts\/18836\/revisions"}],"predecessor-version":[{"id":18839,"href":"https:\/\/bisbalpenedes.com\/web\/wp-json\/wp\/v2\/posts\/18836\/revisions\/18839"}],"wp:featuredmedia":[{"embeddable":true,"href":"https:\/\/bisbalpenedes.com\/web\/wp-json\/wp\/v2\/media\/18837"}],"wp:attachment":[{"href":"https:\/\/bisbalpenedes.com\/web\/wp-json\/wp\/v2\/media?parent=18836"}],"wp:term":[{"taxonomy":"category","embeddable":true,"href":"https:\/\/bisbalpenedes.com\/web\/wp-json\/wp\/v2\/categories?post=18836"},{"taxonomy":"post_tag","embeddable":true,"href":"https:\/\/bisbalpenedes.com\/web\/wp-json\/wp\/v2\/tags?post=18836"}],"curies":[{"name":"wp","href":"https:\/\/api.w.org\/{rel}","templated":true}]}}