{"id":18833,"date":"2021-08-12T09:13:40","date_gmt":"2021-08-12T07:13:40","guid":{"rendered":"https:\/\/bisbalpenedes.com\/web\/?p=18833"},"modified":"2021-08-12T09:13:40","modified_gmt":"2021-08-12T07:13:40","slug":"la-colla-castellera-de-la-bisbal-del-penedes-i-lajuntament-signen-un-conveni-per-a-lany-2021","status":"publish","type":"post","link":"https:\/\/bisbalpenedes.com\/web\/2021\/08\/12\/la-colla-castellera-de-la-bisbal-del-penedes-i-lajuntament-signen-un-conveni-per-a-lany-2021\/","title":{"rendered":"La Colla Castellera de La Bisbal del Pened\u00e8s i l\u2019Ajuntament signen un conveni per a l\u2019any 2021"},"content":{"rendered":"\n<p>La Junta de Govern del 2 d\u2019agost va aprovar un conveni amb la Colla Castellera de La Bisbal del Pened\u00e8s (Bous), per a l\u2019any 2021. L\u2019Ajuntament aporta 11.500\u20ac a la colla com a entitat que promou la cultura al municipi, millora la qualitat de vida de la ciutadania i promou la conviv\u00e8ncia i la cohesi\u00f3 social. Per tot aix\u00f2, i perqu\u00e8 porta el nom de La Bisbal arreu del territori, s\u2019ha aprovat aquest conveni que, posteriorment, s\u2019ha signat amb l\u2019entitat.<\/p>\n\n\n\n<p>Mitjan\u00e7ant aquest conveni, l\u2019Ajuntament de La Bisbal del Pened\u00e8s col\u00b7labora en el finan\u00e7ament de les despeses derivades de l\u2019organitzaci\u00f3 i participaci\u00f3 en les seg\u00fcents activitats previstes per a l\u2019any 2021:<\/p>\n\n\n\n<ul><li>Activitats organitzades per la Regidoria de Cultura de l\u2019Ajuntament al municipi<\/li><li>Altres activitats durant l\u2019any<\/li><li>Material divers necessari per dur a terme les activitats de l\u2019entitat: vestuari, cascs, etc.<\/li><\/ul>\n\n\n\n<p>L\u2019entitat haur\u00e0 de justificar, com a m\u00e0xim el 31 de gener de 2022, l\u2019aplicaci\u00f3 de la subvenci\u00f3 concedida mitjan\u00e7ant la documentaci\u00f3 que li requereixi l\u2019Ajuntament.<\/p>\n\n\n\n<hr class=\"wp-block-separator\"\/>\n\n\n\n<p><strong>CASTELLANO |&nbsp;<\/strong>La Junta de Gobierno del 2 de agosto aprob\u00f3 un convenio con la Colla Castellera de La Bisbal del Pened\u00e8s (Bous), para el a\u00f1o 2021. El Ayuntamiento aporta 11.500\u20ac a la colla como entidad que promueve la cultura en el municipio, mejora la calidad de vida de la ciudadan\u00eda y promueve la convivencia y la cohesi\u00f3n social. Por todo ello, y porque lleva el nombre de La Bisbal a todo el territorio, se ha aprobado este convenio que, posteriormente, se ha firmado con la entidad.<\/p>\n\n\n\n<p>Mediante este convenio, el Ayuntamiento de La Bisbal del Pened\u00e8s colabora en la financiaci\u00f3n de los gastos derivados de la organizaci\u00f3n y participaci\u00f3n en las siguientes actividades previstas para el a\u00f1o 2021:<\/p>\n\n\n\n<ul><li>Actividades organizadas por la Concejal\u00eda de Cultura del Ayuntamiento en el municipio<\/li><li>Otras actividades durante el a\u00f1o<\/li><li>Material diverso necesario para llevar a cabo las actividades de la entidad: vestuario, cascos, etc.<\/li><\/ul>\n\n\n\n<p>La entidad tendr\u00e1 que justificar, como m\u00e1ximo el 31 de enero de 2022, la aplicaci\u00f3n de la subvenci\u00f3n concedida mediante la documentaci\u00f3n que le requiera el Ayuntamiento.<\/p>\n","protected":false},"excerpt":{"rendered":"<p>La Junta de Govern del 2 d\u2019agost va aprovar un conveni amb la Colla Castellera de La Bisbal del Pened\u00e8s (Bous), per a l\u2019any 2021. L\u2019Ajuntament aporta 11.500\u20ac a la &hellip; <a href=\"https:\/\/bisbalpenedes.com\/web\/2021\/08\/12\/la-colla-castellera-de-la-bisbal-del-penedes-i-lajuntament-signen-un-conveni-per-a-lany-2021\/\" class=\"more-link\">Read More<\/a><\/p>\n","protected":false},"author":4,"featured_media":18834,"comment_status":"closed","ping_status":"closed","sticky":false,"template":"","format":"standard","meta":[],"categories":[13,8,2809],"tags":[667,4302,440,225,99],"_links":{"self":[{"href":"https:\/\/bisbalpenedes.com\/web\/wp-json\/wp\/v2\/posts\/18833"}],"collection":[{"href":"https:\/\/bisbalpenedes.com\/web\/wp-json\/wp\/v2\/posts"}],"about":[{"href":"https:\/\/bisbalpenedes.com\/web\/wp-json\/wp\/v2\/types\/post"}],"author":[{"embeddable":true,"href":"https:\/\/bisbalpenedes.com\/web\/wp-json\/wp\/v2\/users\/4"}],"replies":[{"embeddable":true,"href":"https:\/\/bisbalpenedes.com\/web\/wp-json\/wp\/v2\/comments?post=18833"}],"version-history":[{"count":1,"href":"https:\/\/bisbalpenedes.com\/web\/wp-json\/wp\/v2\/posts\/18833\/revisions"}],"predecessor-version":[{"id":18835,"href":"https:\/\/bisbalpenedes.com\/web\/wp-json\/wp\/v2\/posts\/18833\/revisions\/18835"}],"wp:featuredmedia":[{"embeddable":true,"href":"https:\/\/bisbalpenedes.com\/web\/wp-json\/wp\/v2\/media\/18834"}],"wp:attachment":[{"href":"https:\/\/bisbalpenedes.com\/web\/wp-json\/wp\/v2\/media?parent=18833"}],"wp:term":[{"taxonomy":"category","embeddable":true,"href":"https:\/\/bisbalpenedes.com\/web\/wp-json\/wp\/v2\/categories?post=18833"},{"taxonomy":"post_tag","embeddable":true,"href":"https:\/\/bisbalpenedes.com\/web\/wp-json\/wp\/v2\/tags?post=18833"}],"curies":[{"name":"wp","href":"https:\/\/api.w.org\/{rel}","templated":true}]}}