{"id":18831,"date":"2021-08-12T09:13:22","date_gmt":"2021-08-12T07:13:22","guid":{"rendered":"https:\/\/bisbalpenedes.com\/web\/?p=18831"},"modified":"2021-08-12T09:13:22","modified_gmt":"2021-08-12T07:13:22","slug":"el-ball-de-diables-de-la-bisbal-del-penedes-i-lajuntament-signen-un-conveni-per-a-lany-2021","status":"publish","type":"post","link":"https:\/\/bisbalpenedes.com\/web\/2021\/08\/12\/el-ball-de-diables-de-la-bisbal-del-penedes-i-lajuntament-signen-un-conveni-per-a-lany-2021\/","title":{"rendered":"El Ball de Diables de La Bisbal del Pened\u00e8s i l\u2019Ajuntament signen un conveni per a l\u2019any 2021"},"content":{"rendered":"\n<p>La Junta de Govern del 2 d\u2019agost va aprovar un conveni amb el Ball de Diables de la Bisbal del Pened\u00e8s per a l\u2019any 2021. L\u2019Ajuntament aporta 15.000\u20ac a l\u2019entitat com a associaci\u00f3 que promou la cultura i tradici\u00f3 catalana amb les festes del foc al municipi i promou la conviv\u00e8ncia i la cohesi\u00f3 socials. Per tot aix\u00f2 i perqu\u00e8 porta el nom de La Bisbal arreu del territori, s\u2019ha aprovat aquest conveni que, posteriorment, s\u2019ha signat amb l\u2019entitat.<\/p>\n\n\n\n<p>Mitjan\u00e7ant aquest conveni, l\u2019Ajuntament de La Bisbal del Pened\u00e8s col\u00b7labora en el finan\u00e7ament de les despeses derivades de l\u2019organitzaci\u00f3 i participaci\u00f3 en les seg\u00fcents activitats previstes per a l\u2019any 2021:<\/p>\n\n\n\n<ul><li>Organitzaci\u00f3 del correfoc de la Festa Major, que inclou la p\u00f3lvora de totes les colles participants<\/li><li>Organitzaci\u00f3 del correfoc infantil de la Festa Major, que inclou la p\u00f3lvora de totes les colles participants<\/li><li>Organitzaci\u00f3 del castell de focs de la Festa Major<\/li><li>Participaci\u00f3 en les activitats organitzades per l\u2019Ajuntament durant aquest any<\/li><li>Material divers necessari per dur a terme les activitats citades: vestuari, bastons, timbals, etc.<\/li><\/ul>\n\n\n\n<p>L\u2019entitat haur\u00e0 de justificar, com a m\u00e0xim el 31 de gener de 2022, l\u2019aplicaci\u00f3 de la subvenci\u00f3 concedida mitjan\u00e7ant la documentaci\u00f3 que li requereixi l\u2019Ajuntament.<\/p>\n\n\n\n<hr class=\"wp-block-separator\"\/>\n\n\n\n<p>La Junta de Gobierno del 2 de agosto aprob\u00f3 un convenio con el Ball de Diables de la Bisbal del Pened\u00e8s para el a\u00f1o 2021. El Ayuntamiento aporta 15.000\u20ac a la entidad como asociaci\u00f3n que promueve la cultura y tradici\u00f3n catalana con las fiestas del fuego en el municipio y promueve la convivencia y la cohesi\u00f3n sociales. Por todo ello y porque lleva el nombre de La Bisbal all\u00ed donde va, se ha aprobado este convenio que, posteriormente, se ha firmado con la entidad.<\/p>\n\n\n\n<p>Mediante este convenio, el Ayuntamiento de La Bisbal del Pened\u00e8s colabora en la financiaci\u00f3n de los gastos derivados de la organizaci\u00f3n y participaci\u00f3n en las siguientes actividades previstas para el a\u00f1o 2021:<\/p>\n\n\n\n<ul><li>Organizaci\u00f3n del <em>correfoc<\/em> de la Fiesta Mayor, que incluye la p\u00f3lvora de todas las <em>colles<\/em> participantes<\/li><li>Organizaci\u00f3n del <em>correfoc<\/em> infantil de la Fiesta Mayor, que incluye la p\u00f3lvora de todas las <em>colles<\/em> participantes<\/li><li>Organizaci\u00f3n del castillo de fuegos de la Fiesta Mayor<\/li><li>Participaci\u00f3n en las actividades organizadas por el Ayuntamiento durante este a\u00f1o<\/li><li>Material diverso necesario para llevar a cabo las actividades citadas: vestuario, bastones, timbales, etc.<\/li><\/ul>\n\n\n\n<p>La entidad deber\u00e1 justificar, como m\u00e1ximo el 31 de enero de 2020, la aplicaci\u00f3n de la subvenci\u00f3n concedida mediante la documentaci\u00f3n que le requiera el Ayuntamiento.<\/p>\n","protected":false},"excerpt":{"rendered":"<p>La Junta de Govern del 2 d\u2019agost va aprovar un conveni amb el Ball de Diables de la Bisbal del Pened\u00e8s per a l\u2019any 2021. L\u2019Ajuntament aporta 15.000\u20ac a l\u2019entitat &hellip; <a href=\"https:\/\/bisbalpenedes.com\/web\/2021\/08\/12\/el-ball-de-diables-de-la-bisbal-del-penedes-i-lajuntament-signen-un-conveni-per-a-lany-2021\/\" class=\"more-link\">Read More<\/a><\/p>\n","protected":false},"author":4,"featured_media":18845,"comment_status":"closed","ping_status":"closed","sticky":false,"template":"","format":"standard","meta":[],"categories":[13,8,2809],"tags":[692,225,351,393,102],"_links":{"self":[{"href":"https:\/\/bisbalpenedes.com\/web\/wp-json\/wp\/v2\/posts\/18831"}],"collection":[{"href":"https:\/\/bisbalpenedes.com\/web\/wp-json\/wp\/v2\/posts"}],"about":[{"href":"https:\/\/bisbalpenedes.com\/web\/wp-json\/wp\/v2\/types\/post"}],"author":[{"embeddable":true,"href":"https:\/\/bisbalpenedes.com\/web\/wp-json\/wp\/v2\/users\/4"}],"replies":[{"embeddable":true,"href":"https:\/\/bisbalpenedes.com\/web\/wp-json\/wp\/v2\/comments?post=18831"}],"version-history":[{"count":1,"href":"https:\/\/bisbalpenedes.com\/web\/wp-json\/wp\/v2\/posts\/18831\/revisions"}],"predecessor-version":[{"id":18832,"href":"https:\/\/bisbalpenedes.com\/web\/wp-json\/wp\/v2\/posts\/18831\/revisions\/18832"}],"wp:featuredmedia":[{"embeddable":true,"href":"https:\/\/bisbalpenedes.com\/web\/wp-json\/wp\/v2\/media\/18845"}],"wp:attachment":[{"href":"https:\/\/bisbalpenedes.com\/web\/wp-json\/wp\/v2\/media?parent=18831"}],"wp:term":[{"taxonomy":"category","embeddable":true,"href":"https:\/\/bisbalpenedes.com\/web\/wp-json\/wp\/v2\/categories?post=18831"},{"taxonomy":"post_tag","embeddable":true,"href":"https:\/\/bisbalpenedes.com\/web\/wp-json\/wp\/v2\/tags?post=18831"}],"curies":[{"name":"wp","href":"https:\/\/api.w.org\/{rel}","templated":true}]}}