{"id":1883,"date":"2016-12-05T19:57:27","date_gmt":"2016-12-05T13:57:27","guid":{"rendered":"http:\/\/bisbalpenedes.com\/web\/?p=1883"},"modified":"2016-12-05T19:57:27","modified_gmt":"2016-12-05T13:57:27","slug":"no-perdem-el-ritme","status":"publish","type":"post","link":"https:\/\/bisbalpenedes.com\/web\/2016\/12\/05\/no-perdem-el-ritme\/","title":{"rendered":"NO PERDEM EL RITME!!"},"content":{"rendered":"<p>Programa d\u2019activitat f\u00edsica saludable i estimulaci\u00f3 cognitiva i emocional i dinamitzaci\u00f3 del parc de salut per a la gent gran<br \/>\nParc de Salut, activitat f\u00edsica saludable, risoter\u00e0pia, itineraris saludables, Benestar emocional, ter\u00e0pia d\u2019esquena, gimn\u00e0stica suau i relaxaci\u00f3<br \/>\nInici gener de 2017<br \/>\nXerrada informativa i presentaci\u00f3 el dilluns 19 de desembre a les 17:00h al Local de la Gent Gran<br \/>\nPreu de les sessions: 15\u20ac al trimestre<\/p>\n<p><a href=\"http:\/\/bisbalpenedes.com\/web\/wp-content\/uploads\/2016\/12\/parc-salut-no-perdem-ritme-2017-TOCHS.jpg\"><img loading=\"lazy\" src=\"http:\/\/bisbalpenedes.com\/web\/wp-content\/uploads\/2016\/12\/parc-salut-no-perdem-ritme-2017-TOCHS-203x300.jpg\" alt=\"\" title=\"parc-salut-no-perdem-ritme-2017-TOCHS\" width=\"203\" height=\"300\" class=\"alignleft size-medium wp-image-1884\" srcset=\"https:\/\/bisbalpenedes.com\/web\/wp-content\/uploads\/2016\/12\/parc-salut-no-perdem-ritme-2017-TOCHS-203x300.jpg 203w, https:\/\/bisbalpenedes.com\/web\/wp-content\/uploads\/2016\/12\/parc-salut-no-perdem-ritme-2017-TOCHS-600x884.jpg 600w, https:\/\/bisbalpenedes.com\/web\/wp-content\/uploads\/2016\/12\/parc-salut-no-perdem-ritme-2017-TOCHS-695x1024.jpg 695w, https:\/\/bisbalpenedes.com\/web\/wp-content\/uploads\/2016\/12\/parc-salut-no-perdem-ritme-2017-TOCHS.jpg 1684w\" sizes=\"(max-width: 203px) 100vw, 203px\" \/><\/a><\/p>\n","protected":false},"excerpt":{"rendered":"<p>Programa d\u2019activitat f\u00edsica saludable i estimulaci\u00f3 cognitiva i emocional i dinamitzaci\u00f3 del parc de salut per a la gent gran Parc de Salut, activitat f\u00edsica saludable, risoter\u00e0pia, itineraris saludables, Benestar &hellip; <a href=\"https:\/\/bisbalpenedes.com\/web\/2016\/12\/05\/no-perdem-el-ritme\/\" class=\"more-link\">Read More<\/a><\/p>\n","protected":false},"author":1,"featured_media":1884,"comment_status":"closed","ping_status":"closed","sticky":false,"template":"","format":"standard","meta":[],"categories":[14],"tags":[],"_links":{"self":[{"href":"https:\/\/bisbalpenedes.com\/web\/wp-json\/wp\/v2\/posts\/1883"}],"collection":[{"href":"https:\/\/bisbalpenedes.com\/web\/wp-json\/wp\/v2\/posts"}],"about":[{"href":"https:\/\/bisbalpenedes.com\/web\/wp-json\/wp\/v2\/types\/post"}],"author":[{"embeddable":true,"href":"https:\/\/bisbalpenedes.com\/web\/wp-json\/wp\/v2\/users\/1"}],"replies":[{"embeddable":true,"href":"https:\/\/bisbalpenedes.com\/web\/wp-json\/wp\/v2\/comments?post=1883"}],"version-history":[{"count":1,"href":"https:\/\/bisbalpenedes.com\/web\/wp-json\/wp\/v2\/posts\/1883\/revisions"}],"predecessor-version":[{"id":1885,"href":"https:\/\/bisbalpenedes.com\/web\/wp-json\/wp\/v2\/posts\/1883\/revisions\/1885"}],"wp:featuredmedia":[{"embeddable":true,"href":"https:\/\/bisbalpenedes.com\/web\/wp-json\/wp\/v2\/media\/1884"}],"wp:attachment":[{"href":"https:\/\/bisbalpenedes.com\/web\/wp-json\/wp\/v2\/media?parent=1883"}],"wp:term":[{"taxonomy":"category","embeddable":true,"href":"https:\/\/bisbalpenedes.com\/web\/wp-json\/wp\/v2\/categories?post=1883"},{"taxonomy":"post_tag","embeddable":true,"href":"https:\/\/bisbalpenedes.com\/web\/wp-json\/wp\/v2\/tags?post=1883"}],"curies":[{"name":"wp","href":"https:\/\/api.w.org\/{rel}","templated":true}]}}