{"id":18825,"date":"2021-08-12T09:13:57","date_gmt":"2021-08-12T07:13:57","guid":{"rendered":"https:\/\/bisbalpenedes.com\/web\/?p=18825"},"modified":"2021-08-12T09:13:57","modified_gmt":"2021-08-12T07:13:57","slug":"ladf-clot-de-bou-i-lajuntament-signen-un-conveni-per-a-lany-2021","status":"publish","type":"post","link":"https:\/\/bisbalpenedes.com\/web\/2021\/08\/12\/ladf-clot-de-bou-i-lajuntament-signen-un-conveni-per-a-lany-2021\/","title":{"rendered":"L\u2019ADF Clot de Bou i l\u2019Ajuntament signen un conveni per a l\u2019any 2021"},"content":{"rendered":"\n<p>La Junta de Govern del 2 d\u2019agost va aprovar un conveni amb l\u2019ADF Clot de Bou, per&nbsp; a l\u2019any 2021, perqu\u00e8 l\u2019entitat col\u00b7labori contra els incendis forestals i en el Pla d\u2019Actuaci\u00f3 Municipal. L\u2019Ajuntament aporta 5.000\u20ac a l\u2019entitat mitjan\u00e7ant aquest acord.<\/p>\n\n\n\n<p>Amb aquest conveni, que despr\u00e9s de la seva aprovaci\u00f3 a la Junta de Govern s\u2019ha signat amb l\u2019entitat, l\u2019ADF Clot de Bou es compromet a participar en les tasques de prevenci\u00f3 d\u2019incendis en aquells actes que organitzi l\u2019Ajuntament, com ara espectacles pirot\u00e8cnics, i en les actuacions sobre l\u2019arbrat p\u00fablic i la neteja vi\u00e0ria en casos excepcionals. A m\u00e9s, el contracte de col\u00b7laboraci\u00f3 posa especial \u00e8mfasi en la col\u00b7laboraci\u00f3 priorit\u00e0ria de l\u2019entitat en cas que s\u2019hagi d\u2019extingir incendis forestals o prevenir-los, i en situacions declarades d\u2019alt risc d\u2019incendi.<\/p>\n\n\n\n<p>L\u2019ADF Clot de Bou haur\u00e0 de justificar, com a m\u00e0xim el 31 de gener de 2022, l\u2019aplicaci\u00f3 de la subvenci\u00f3 concedida mitjana\u00e7ant la documentaci\u00f3 que li requereixi l\u2019Ajuntament.<\/p>\n\n\n\n<hr class=\"wp-block-separator\"\/>\n\n\n\n<p>La Junta de Gobierno del 2 de agosto aprob\u00f3 un convenio con la ADF Clot de Bou, para el a\u00f1o 2021, para que la entidad colabore contra los incendios forestales y en el Plan de Actuaci\u00f3n Municipal. El Ayuntamiento aporta 5.000\u20ac a la entidad mediante este acuerdo.<\/p>\n\n\n\n<p>Con este convenio, que despu\u00e9s de su aprobaci\u00f3n en la Junta de Gobierno se ha firmado con la entidad, la ADF Clot de Bou se compromete a participar en los trabajos de prevenci\u00f3n de incendios en aquellos actos que organice el Ayuntamiento, como por ejemplo espect\u00e1culos pirot\u00e9cnicos, y en las actuaciones sobre el arbolado p\u00fablico y la limpieza vial en casos excepcionales. Adem\u00e1s, el contrato de colaboraci\u00f3n pone especial \u00e9nfasis en la colaboraci\u00f3n prioritaria de la entidad en el caso de tener que extinguir incendios forestales o prevenirlos, y en situaciones declaradas de alto riesgo de incendio.<\/p>\n\n\n\n<p>La ADF Clot de Bou deber\u00e1 justificar, como m\u00e1ximo el 31 de enero de 2020, la aplicaci\u00f3n de la subvenci\u00f3n concedida mediante la documentaci\u00f3n que le requiera el Ayuntamiento.<\/p>\n","protected":false},"excerpt":{"rendered":"<p>La Junta de Govern del 2 d\u2019agost va aprovar un conveni amb l\u2019ADF Clot de Bou, per&nbsp; a l\u2019any 2021, perqu\u00e8 l\u2019entitat col\u00b7labori contra els incendis forestals i en el &hellip; <a href=\"https:\/\/bisbalpenedes.com\/web\/2021\/08\/12\/ladf-clot-de-bou-i-lajuntament-signen-un-conveni-per-a-lany-2021\/\" class=\"more-link\">Read More<\/a><\/p>\n","protected":false},"author":4,"featured_media":18826,"comment_status":"closed","ping_status":"closed","sticky":false,"template":"","format":"standard","meta":[],"categories":[32,8,3431,1575],"tags":[884,1775,440,393,3326],"_links":{"self":[{"href":"https:\/\/bisbalpenedes.com\/web\/wp-json\/wp\/v2\/posts\/18825"}],"collection":[{"href":"https:\/\/bisbalpenedes.com\/web\/wp-json\/wp\/v2\/posts"}],"about":[{"href":"https:\/\/bisbalpenedes.com\/web\/wp-json\/wp\/v2\/types\/post"}],"author":[{"embeddable":true,"href":"https:\/\/bisbalpenedes.com\/web\/wp-json\/wp\/v2\/users\/4"}],"replies":[{"embeddable":true,"href":"https:\/\/bisbalpenedes.com\/web\/wp-json\/wp\/v2\/comments?post=18825"}],"version-history":[{"count":2,"href":"https:\/\/bisbalpenedes.com\/web\/wp-json\/wp\/v2\/posts\/18825\/revisions"}],"predecessor-version":[{"id":18846,"href":"https:\/\/bisbalpenedes.com\/web\/wp-json\/wp\/v2\/posts\/18825\/revisions\/18846"}],"wp:featuredmedia":[{"embeddable":true,"href":"https:\/\/bisbalpenedes.com\/web\/wp-json\/wp\/v2\/media\/18826"}],"wp:attachment":[{"href":"https:\/\/bisbalpenedes.com\/web\/wp-json\/wp\/v2\/media?parent=18825"}],"wp:term":[{"taxonomy":"category","embeddable":true,"href":"https:\/\/bisbalpenedes.com\/web\/wp-json\/wp\/v2\/categories?post=18825"},{"taxonomy":"post_tag","embeddable":true,"href":"https:\/\/bisbalpenedes.com\/web\/wp-json\/wp\/v2\/tags?post=18825"}],"curies":[{"name":"wp","href":"https:\/\/api.w.org\/{rel}","templated":true}]}}