{"id":18822,"date":"2021-08-12T09:13:50","date_gmt":"2021-08-12T07:13:50","guid":{"rendered":"https:\/\/bisbalpenedes.com\/web\/?p=18822"},"modified":"2021-08-12T09:13:50","modified_gmt":"2021-08-12T07:13:50","slug":"la-societat-cultural-i-recreativa-bisbalenca-i-lajuntament-signen-un-conveni-per-a-lany-2021","status":"publish","type":"post","link":"https:\/\/bisbalpenedes.com\/web\/2021\/08\/12\/la-societat-cultural-i-recreativa-bisbalenca-i-lajuntament-signen-un-conveni-per-a-lany-2021\/","title":{"rendered":"La Societat Cultural i Recreativa Bisbalenca i l\u2019Ajuntament signen un conveni per a l\u2019any 2021"},"content":{"rendered":"\n<p>La Junta de Govern del 2 d\u2019agost va aprovar un conveni amb la Societat Cultural i Recreativa Bisbalenca per a l\u2019any 2021. L\u2019Ajuntament aporta 12.000\u20ac a la Societat com a entitat que promou la cultura i les festes populars, l\u2019associacionisme, la conviv\u00e8ncia i la cohesi\u00f3 socials a trav\u00e9s de les seves seccions: escacs, teatre i grup de geganters, grallers i tabalers. Per tot aix\u00f2 i perqu\u00e8 porta el nom de La Bisbal arreu del territori, s\u2019aprova aquest conveni.<\/p>\n\n\n\n<p>Mitjan\u00e7ant aquest conveni, es col\u00b7labora en el finan\u00e7ament de les despeses derivades de l\u2019organitzaci\u00f3 i participaci\u00f3 en les seg\u00fcents activitats de l\u2019any 2021:<\/p>\n\n\n\n<ul><li>Organitzaci\u00f3 de la Festa Major d\u2019hivern i de la Festa Major Xica d\u2019estiu, al local de l\u2019entitat i pels carrers de la vila.<\/li><li>Organitzaci\u00f3 del curs de gralla i tambor pels membres del Grup de geganters i grallers de l\u2019entitat, que t\u00e9 lloc durant els mesos de gener a juny i d\u2019octubre a desembre.<\/li><li>Actuacions del Grup de Geganters i Grallers de l\u2019entitat al municipi durant l\u2019any 2021 amb ocasi\u00f3 de la rebuda de la Flama del Canig\u00f3, les cercaviles de la Festa Major d\u2019estiu i altres participacions en actes organitzats per la regidoria de cultura de l\u2019Ajuntament.<\/li><li>Organitzaci\u00f3 d\u2019altres d\u2019activitats i festes durant l\u2019any 2021.<\/li><\/ul>\n\n\n\n<p>L\u2019entitat haur\u00e0 de justificar, com a m\u00e0xim el 31 de gener de 2022, l\u2019aplicaci\u00f3 de la subvenci\u00f3 concedida mitjan\u00e7ant la documentaci\u00f3 que li requereixi l\u2019Ajuntament.<\/p>\n\n\n\n<hr class=\"wp-block-separator\"\/>\n\n\n\n<p>La Junta de Gobierno del 2 de agosto aprob\u00f3 un convenio con la Societat Cultural i Recreativa Bisbalenca para el a\u00f1o 2021. El Ayuntamiento aporta 12.000\u20ac a la Societat como entidad que promueve la cultura y las fiestas populares, el asociacionismo, la convivencia y la cohesi\u00f3n sociales a trav\u00e9s de sus secciones: ajedrez, teatro y grupo de gigantes, <em>grallers<\/em> y <em>tabalers. <\/em>Por todo ello y porque lleva el nombre de La Bisbal all\u00ed donde va, se aprueba este convenio.<\/p>\n\n\n\n<p>Mediante este convenio, se colabora en la financiaci\u00f3n de los gastos derivados de la organizaci\u00f3n y participaci\u00f3n en las siguientes actividades del a\u00f1o 2021:<\/p>\n\n\n\n<ul><li>Organizaci\u00f3n de la Fiesta Mayor de Invierno y de la Fiesta Mayor Xica de verano, en el local de la entidad y por las calles del municipio.<\/li><li>Organizaci\u00f3n del curso de <em>gralla<\/em> y tambor para los miembros del Grupo de <em>Geganters i grallers<\/em> de la entidad, que tiene lugar durante los meses de enero a junio y de octubre a diciembre.<\/li><li>Actuaciones del Grupo de <em>Geganters i grallers<\/em> de la entidad en el municipio durante el a\u00f1o 2021 con ocasi\u00f3n de la recepci\u00f3n de la Flama del Canig\u00f3, los pasacalles de la Fiesta Mayor de verano y otras participaciones en actos organizados desde la Concejal\u00eda de Cultura del Ayuntamiento.<\/li><li>Organizaci\u00f3n de otras actividades y fiestas durante el a\u00f1o 2021.<\/li><\/ul>\n\n\n\n<p>La entidad deber\u00e1 justificar, como m\u00e1ximo el 31 de enero de 2022, la aplicaci\u00f3n de la subvenci\u00f3n concedida mediante la documentaci\u00f3n que se le requiera en el Ayuntamiento.<\/p>\n","protected":false},"excerpt":{"rendered":"<p>La Junta de Govern del 2 d\u2019agost va aprovar un conveni amb la Societat Cultural i Recreativa Bisbalenca per a l\u2019any 2021. L\u2019Ajuntament aporta 12.000\u20ac a la Societat com a &hellip; <a href=\"https:\/\/bisbalpenedes.com\/web\/2021\/08\/12\/la-societat-cultural-i-recreativa-bisbalenca-i-lajuntament-signen-un-conveni-per-a-lany-2021\/\" class=\"more-link\">Read More<\/a><\/p>\n","protected":false},"author":4,"featured_media":18823,"comment_status":"closed","ping_status":"closed","sticky":false,"template":"","format":"standard","meta":[],"categories":[13,20,8,2809],"tags":[440,225,351,686,2776],"_links":{"self":[{"href":"https:\/\/bisbalpenedes.com\/web\/wp-json\/wp\/v2\/posts\/18822"}],"collection":[{"href":"https:\/\/bisbalpenedes.com\/web\/wp-json\/wp\/v2\/posts"}],"about":[{"href":"https:\/\/bisbalpenedes.com\/web\/wp-json\/wp\/v2\/types\/post"}],"author":[{"embeddable":true,"href":"https:\/\/bisbalpenedes.com\/web\/wp-json\/wp\/v2\/users\/4"}],"replies":[{"embeddable":true,"href":"https:\/\/bisbalpenedes.com\/web\/wp-json\/wp\/v2\/comments?post=18822"}],"version-history":[{"count":1,"href":"https:\/\/bisbalpenedes.com\/web\/wp-json\/wp\/v2\/posts\/18822\/revisions"}],"predecessor-version":[{"id":18824,"href":"https:\/\/bisbalpenedes.com\/web\/wp-json\/wp\/v2\/posts\/18822\/revisions\/18824"}],"wp:featuredmedia":[{"embeddable":true,"href":"https:\/\/bisbalpenedes.com\/web\/wp-json\/wp\/v2\/media\/18823"}],"wp:attachment":[{"href":"https:\/\/bisbalpenedes.com\/web\/wp-json\/wp\/v2\/media?parent=18822"}],"wp:term":[{"taxonomy":"category","embeddable":true,"href":"https:\/\/bisbalpenedes.com\/web\/wp-json\/wp\/v2\/categories?post=18822"},{"taxonomy":"post_tag","embeddable":true,"href":"https:\/\/bisbalpenedes.com\/web\/wp-json\/wp\/v2\/tags?post=18822"}],"curies":[{"name":"wp","href":"https:\/\/api.w.org\/{rel}","templated":true}]}}