{"id":18804,"date":"2021-08-06T08:52:27","date_gmt":"2021-08-06T06:52:27","guid":{"rendered":"https:\/\/bisbalpenedes.com\/web\/?p=18804"},"modified":"2021-08-06T08:52:27","modified_gmt":"2021-08-06T06:52:27","slug":"lajuntament-de-la-bisbal-del-penedes-organitza-una-diada-castellera-diferent-dedicada-als-grallers-de-les-colles-castelleres","status":"publish","type":"post","link":"https:\/\/bisbalpenedes.com\/web\/2021\/08\/06\/lajuntament-de-la-bisbal-del-penedes-organitza-una-diada-castellera-diferent-dedicada-als-grallers-de-les-colles-castelleres\/","title":{"rendered":"L\u2019Ajuntament de la Bisbal del Pened\u00e8s organitza una \u2018Diada Castellera Diferent\u2019 dedicada als grallers de les colles castelleres"},"content":{"rendered":"\n<p>L\u2019Ajuntament de la Bisbal del Pened\u00e8s est\u00e0 ultimant els detalls de la \u2018Diada Castellera Diferent\u2019, que se celebrar\u00e0 el 15 d\u2019agost. Tenint en compte la situaci\u00f3 actual, marcada per la pand\u00e8mia, la Bisbal del Pened\u00e8s ha optat per dedicar la diada castellera de la Mare de D\u00e9u d\u2019Agost als grallers de les colles castelleres, ja que amb la paralitzaci\u00f3 dels assajos castellers i la normativa de prevenci\u00f3 de la COVID-19 no es podria celebrar la diada castellera de la forma tradicional.<\/p>\n\n\n\n<p>El passat mes de juliol, l\u2019equip de govern es va reunir amb la Colla Castellera de la Bisbal (Bous) i amb els Castellers de Vilafranca. A m\u00e9s, va parlar per tel\u00e8fon amb membres de la Colla Vella dels Xiquets Valls i de la Colla Joves Xiquets de Valls. Aquest dijous 5 d\u2019agost, l\u2019alcaldessa Agn\u00e8s Ferr\u00e9 i els regidors Feliu Gil i Leo Uceda han anat a Valls i s\u2019han reunit amb el cap de colla de la Colla Vella dels Xiquets de Valls, Albert Mart\u00ednez; i tres membres de la junta. M\u00e9s tard han visitat el local de la Colla Joves Xiquets de Valls i all\u00e0 s\u2019han trobat amb la presidenta de l\u2019entitat, Montserrat Sol\u00e9; el cap de colla, Jaume Mart\u00ed; i tres membres m\u00e9s de la junta. L\u2019objectiu de les trobades era acabar de perfilar la celebraci\u00f3 de la Diada castellera del 15 d\u2019agost amb una proposta \u2018diferent\u2019.<\/p>\n\n\n\n<hr class=\"wp-block-separator\"\/>\n\n\n\n<p>El Ayuntamiento de la Bisbal del Pened\u00e8s est\u00e1 ultimando los detalles de la \u2018Diada Castellera Diferent\u2019, que se celebarar\u00e1 el 15 de agosto. Teniendo en cuenta la situaci\u00f3n actual, marcada por la pandemia, la Bisbal del Pened\u00e8s ha optado por dedicar la diada castellera de la Mare de D\u00e9u d\u2019Agost a los <em>grallers<\/em> de las <em>collas castelleras<\/em>, ya que con la paralizaci\u00f3n de los ensayos de castillos y la normativa de prevenci\u00f3n de la COVID-19 no se podr\u00eda celebrar la diada castellera de la forma tradicional.<\/p>\n\n\n\n<p>El pasado mes de julio, el equipo de gobierno se reuni\u00f3 con la Colla Castellera de la Bisbal (Bous) y con los Castellers de Vilafranca. Adem\u00e1s, habl\u00f3 por tel\u00e9fono con miembros de la Colla Vella dels Xiquets de Valls y de la Colla Joves Xiquests de Valls. Este jueves 5 de agosto, la alcaldesa Agn\u00e8s Ferr\u00e9 y los concejales Feliu Gil y Leo Uceda han ido a Valls y se han reunido con el cap de <em>colla<\/em> de la Colla Vella dels Xiquets de Valls, Albert Mart\u00ednez; y tres miembros de la junta. M\u00e1s tarde han visitado el local de la Colla Joves Xiquets de Valls y all\u00ed se han encontrado con la presidenta de la entidad, Montserrat Sol\u00e9; el cap de colla; Jaume Mart\u00ed; y otros tres miembros de la junta. El objetivo de las reuniones era terminar de perfilar la celebraci\u00f3n de la Diada castellera del 15 de agosto con una propuesta \u2018distinta\u2019.<\/p>\n\n\n\n<figure class=\"wp-block-image\"><img alt=\"\"\/><\/figure>\n","protected":false},"excerpt":{"rendered":"<p>L\u2019Ajuntament de la Bisbal del Pened\u00e8s est\u00e0 ultimant els detalls de la \u2018Diada Castellera Diferent\u2019, que se celebrar\u00e0 el 15 d\u2019agost. Tenint en compte la situaci\u00f3 actual, marcada per la &hellip; <a href=\"https:\/\/bisbalpenedes.com\/web\/2021\/08\/06\/lajuntament-de-la-bisbal-del-penedes-organitza-una-diada-castellera-diferent-dedicada-als-grallers-de-les-colles-castelleres\/\" class=\"more-link\">Read More<\/a><\/p>\n","protected":false},"author":4,"featured_media":18805,"comment_status":"closed","ping_status":"closed","sticky":false,"template":"","format":"standard","meta":[],"categories":[2161,4668,8],"tags":[377,667,691,280,4694,50,393],"_links":{"self":[{"href":"https:\/\/bisbalpenedes.com\/web\/wp-json\/wp\/v2\/posts\/18804"}],"collection":[{"href":"https:\/\/bisbalpenedes.com\/web\/wp-json\/wp\/v2\/posts"}],"about":[{"href":"https:\/\/bisbalpenedes.com\/web\/wp-json\/wp\/v2\/types\/post"}],"author":[{"embeddable":true,"href":"https:\/\/bisbalpenedes.com\/web\/wp-json\/wp\/v2\/users\/4"}],"replies":[{"embeddable":true,"href":"https:\/\/bisbalpenedes.com\/web\/wp-json\/wp\/v2\/comments?post=18804"}],"version-history":[{"count":1,"href":"https:\/\/bisbalpenedes.com\/web\/wp-json\/wp\/v2\/posts\/18804\/revisions"}],"predecessor-version":[{"id":18806,"href":"https:\/\/bisbalpenedes.com\/web\/wp-json\/wp\/v2\/posts\/18804\/revisions\/18806"}],"wp:featuredmedia":[{"embeddable":true,"href":"https:\/\/bisbalpenedes.com\/web\/wp-json\/wp\/v2\/media\/18805"}],"wp:attachment":[{"href":"https:\/\/bisbalpenedes.com\/web\/wp-json\/wp\/v2\/media?parent=18804"}],"wp:term":[{"taxonomy":"category","embeddable":true,"href":"https:\/\/bisbalpenedes.com\/web\/wp-json\/wp\/v2\/categories?post=18804"},{"taxonomy":"post_tag","embeddable":true,"href":"https:\/\/bisbalpenedes.com\/web\/wp-json\/wp\/v2\/tags?post=18804"}],"curies":[{"name":"wp","href":"https:\/\/api.w.org\/{rel}","templated":true}]}}