{"id":18799,"date":"2021-08-06T07:44:10","date_gmt":"2021-08-06T05:44:10","guid":{"rendered":"https:\/\/bisbalpenedes.com\/web\/?p=18799"},"modified":"2021-08-06T07:44:10","modified_gmt":"2021-08-06T05:44:10","slug":"es-prorroguen-les-mesures-vigents-per-la-covid-19-fins-al-20-dagost","status":"publish","type":"post","link":"https:\/\/bisbalpenedes.com\/web\/2021\/08\/06\/es-prorroguen-les-mesures-vigents-per-la-covid-19-fins-al-20-dagost\/","title":{"rendered":"Es prorroguen les mesures vigents per la COVID-19 fins al 20 d&#8217;agost"},"content":{"rendered":"\n<p>Les mesures per a la contenci\u00f3 de la COVID-19 que estaven vigents des del 15 de juliol s&#8217;han tornat a prorrogar, en aquest cas fins al 20 d&#8217;agost.<br>\u2139Per a m\u00e9s informaci\u00f3 podeu accedir a l&#8217;enlla\u00e7: <a rel=\"noreferrer noopener\" href=\"https:\/\/canalsalut.gencat.cat\/ca\/salut-a-z\/c\/coronavirus-2019-ncov\/ciutadania\/mesures\/15-juliol\/\" target=\"_blank\">https:\/\/canalsalut.gencat.cat\/ca\/salut-a-z\/c\/coronavirus-2019-ncov\/ciutadania\/mesures\/15-juliol\/<\/a><\/p>\n\n\n\n<hr class=\"wp-block-separator\"\/>\n\n\n\n<p>Las medidas para la contenci\u00f3n de la COVID-19 que estaban vigentes desde el 15 de julio se han vuelto a prorrogar, en este caso hasta el 20 de agosto.<br>\u2139Para m\u00e1s informaci\u00f3n pod\u00e9is acceder al enlace: <a rel=\"noreferrer noopener\" href=\"https:\/\/canalsalut.gencat.cat\/ca\/salut-a-z\/c\/coronavirus-2019-ncov\/ciutadania\/mesures\/15-juliol\/\" target=\"_blank\">https:\/\/canalsalut.gencat.cat\/ca\/salut-a-z\/c\/coronavirus-2019-ncov\/ciutadania\/mesures\/15-juliol\/<\/a><br><\/p>\n\n\n\n<figure class=\"wp-block-image size-large\"><img loading=\"lazy\" width=\"726\" height=\"1024\" src=\"https:\/\/bisbalpenedes.com\/web\/wp-content\/uploads\/2021\/08\/mesures-15-juliol-PRORROGA-20-AGOST_page-0001-726x1024.jpeg\" alt=\"\" class=\"wp-image-18800\" srcset=\"https:\/\/bisbalpenedes.com\/web\/wp-content\/uploads\/2021\/08\/mesures-15-juliol-PRORROGA-20-AGOST_page-0001-726x1024.jpeg 726w, https:\/\/bisbalpenedes.com\/web\/wp-content\/uploads\/2021\/08\/mesures-15-juliol-PRORROGA-20-AGOST_page-0001-600x846.jpeg 600w, https:\/\/bisbalpenedes.com\/web\/wp-content\/uploads\/2021\/08\/mesures-15-juliol-PRORROGA-20-AGOST_page-0001-213x300.jpeg 213w, https:\/\/bisbalpenedes.com\/web\/wp-content\/uploads\/2021\/08\/mesures-15-juliol-PRORROGA-20-AGOST_page-0001-768x1083.jpeg 768w, https:\/\/bisbalpenedes.com\/web\/wp-content\/uploads\/2021\/08\/mesures-15-juliol-PRORROGA-20-AGOST_page-0001-1089x1536.jpeg 1089w, https:\/\/bisbalpenedes.com\/web\/wp-content\/uploads\/2021\/08\/mesures-15-juliol-PRORROGA-20-AGOST_page-0001-1452x2048.jpeg 1452w, https:\/\/bisbalpenedes.com\/web\/wp-content\/uploads\/2021\/08\/mesures-15-juliol-PRORROGA-20-AGOST_page-0001.jpeg 1754w\" sizes=\"(max-width: 726px) 100vw, 726px\" \/><\/figure>\n","protected":false},"excerpt":{"rendered":"<p>Les mesures per a la contenci\u00f3 de la COVID-19 que estaven vigents des del 15 de juliol s&#8217;han tornat a prorrogar, en aquest cas fins al 20 d&#8217;agost.\u2139Per a m\u00e9s &hellip; <a href=\"https:\/\/bisbalpenedes.com\/web\/2021\/08\/06\/es-prorroguen-les-mesures-vigents-per-la-covid-19-fins-al-20-dagost\/\" class=\"more-link\">Read More<\/a><\/p>\n","protected":false},"author":4,"featured_media":18801,"comment_status":"closed","ping_status":"closed","sticky":false,"template":"","format":"standard","meta":[],"categories":[3636,4095,8,14],"tags":[3550,3559,3569,393,82,145,28],"_links":{"self":[{"href":"https:\/\/bisbalpenedes.com\/web\/wp-json\/wp\/v2\/posts\/18799"}],"collection":[{"href":"https:\/\/bisbalpenedes.com\/web\/wp-json\/wp\/v2\/posts"}],"about":[{"href":"https:\/\/bisbalpenedes.com\/web\/wp-json\/wp\/v2\/types\/post"}],"author":[{"embeddable":true,"href":"https:\/\/bisbalpenedes.com\/web\/wp-json\/wp\/v2\/users\/4"}],"replies":[{"embeddable":true,"href":"https:\/\/bisbalpenedes.com\/web\/wp-json\/wp\/v2\/comments?post=18799"}],"version-history":[{"count":1,"href":"https:\/\/bisbalpenedes.com\/web\/wp-json\/wp\/v2\/posts\/18799\/revisions"}],"predecessor-version":[{"id":18802,"href":"https:\/\/bisbalpenedes.com\/web\/wp-json\/wp\/v2\/posts\/18799\/revisions\/18802"}],"wp:featuredmedia":[{"embeddable":true,"href":"https:\/\/bisbalpenedes.com\/web\/wp-json\/wp\/v2\/media\/18801"}],"wp:attachment":[{"href":"https:\/\/bisbalpenedes.com\/web\/wp-json\/wp\/v2\/media?parent=18799"}],"wp:term":[{"taxonomy":"category","embeddable":true,"href":"https:\/\/bisbalpenedes.com\/web\/wp-json\/wp\/v2\/categories?post=18799"},{"taxonomy":"post_tag","embeddable":true,"href":"https:\/\/bisbalpenedes.com\/web\/wp-json\/wp\/v2\/tags?post=18799"}],"curies":[{"name":"wp","href":"https:\/\/api.w.org\/{rel}","templated":true}]}}