{"id":18797,"date":"2021-08-05T10:36:36","date_gmt":"2021-08-05T08:36:36","guid":{"rendered":"https:\/\/bisbalpenedes.com\/web\/?p=18797"},"modified":"2021-08-05T10:36:36","modified_gmt":"2021-08-05T08:36:36","slug":"el-divendres-6-dagost-sobre-la-convocatoria-de-borsa-per-a-arquitecte-superior-municipal","status":"publish","type":"post","link":"https:\/\/bisbalpenedes.com\/web\/2021\/08\/05\/el-divendres-6-dagost-sobre-la-convocatoria-de-borsa-per-a-arquitecte-superior-municipal\/","title":{"rendered":"El divendres 6 d&#8217;agost s\u2019obre la convocat\u00f2ria de borsa per a arquitecte superior municipal"},"content":{"rendered":"\n<p>El proper divendres 6 d\u2019agost s\u2019obre el termini per entrar a formar part de la borsa de treball per a arquitecte superior de l\u2019Ajuntament de la Bisbal del Pened\u00e8s. L\u2019objectiu d\u2019aquesta convocat\u00f2ria \u00e9s poder donar una resposta \u00e0gil a les m\u00faltiples peticions de llic\u00e8ncies, supervisar diferents obres municipals engegades i pendents d\u2019iniciar (adequaci\u00f3 de l\u2019edifici de \u201cla fassina\u201d, reformes dels locals socials de les urbanitzacions, remodelaci\u00f3 del pavell\u00f3 municipal, etc.).<\/p>\n\n\n\n<p>El termini perqu\u00e8 els arquitectes t\u00e8cnics superiors interessats es presentin a la convocat\u00f2ria anir\u00e0 del 6 al 20 d\u2019agost de 2021, ambd\u00f3s inclosos.<\/p>\n\n\n\n<p>S\u2019ha tornat a convocar despr\u00e9s que qued\u00e9s desert el proc\u00e9s selectiu de l\u2019anterior convocat\u00f2ria.<\/p>\n\n\n\n<p>Per consultar les condicions i requisits de la convocat\u00f2ria podeu accedir a l\u2019enlla\u00e7 seg\u00fcent:<\/p>\n\n\n\n<figure class=\"wp-block-embed\"><div class=\"wp-block-embed__wrapper\">\nhttps:\/\/dogc.gencat.cat\/ca\/document-del-dogc\/?documentId=908263\n<\/div><\/figure>\n\n\n\n<hr class=\"wp-block-separator\"\/>\n\n\n\n<p><strong>CASTELLANO |<\/strong> El pr\u00f3ximo viernes 6 de agosto se abre el plazo para entrar a formar parte de la bolsa de trabajo para arquitecto superior del Ayuntamiento de la Bisbal del Pened\u00e8s. El objetivo de esta convocatoria es poder dar una respuesta \u00e1gil a las m\u00faltiples peticiones de licencias, supervisar distintas obras municipales empezadas o pendientes de iniciar (adecuaci\u00f3n del edificio de \u201cla fassina\u201d, reformas de los locales sociales de las urbanizaciones, remodelaci\u00f3n del pabell\u00f3n municipal, etc.).<\/p>\n\n\n\n<p>El plazo para que los arquitectos t\u00e9cnicos superiores interesados se presenten a la convocatoria ir\u00e1 del 6 al 20 de agosto de 2021, ambos incluidos.<\/p>\n\n\n\n<p>Se vuelve a convocar despu\u00e9s de que quedase desierto el proceso selectivo de la anterior convocatoria.<\/p>\n\n\n\n<p>Para consultar las condiciones y requisitos de la convocatoria pod\u00e9is acceder al siguiente enlace:<\/p>\n\n\n\n<figure class=\"wp-block-embed\"><div class=\"wp-block-embed__wrapper\">\nhttps:\/\/dogc.gencat.cat\/ca\/document-del-dogc\/?documentId=908263\n<\/div><\/figure>\n","protected":false},"excerpt":{"rendered":"<p>El proper divendres 6 d\u2019agost s\u2019obre el termini per entrar a formar part de la borsa de treball per a arquitecte superior de l\u2019Ajuntament de la Bisbal del Pened\u00e8s. L\u2019objectiu &hellip; <a href=\"https:\/\/bisbalpenedes.com\/web\/2021\/08\/05\/el-divendres-6-dagost-sobre-la-convocatoria-de-borsa-per-a-arquitecte-superior-municipal\/\" class=\"more-link\">Read More<\/a><\/p>\n","protected":false},"author":4,"featured_media":14717,"comment_status":"closed","ping_status":"closed","sticky":false,"template":"","format":"standard","meta":[],"categories":[2402,8],"tags":[911,383,393,4696,4697],"_links":{"self":[{"href":"https:\/\/bisbalpenedes.com\/web\/wp-json\/wp\/v2\/posts\/18797"}],"collection":[{"href":"https:\/\/bisbalpenedes.com\/web\/wp-json\/wp\/v2\/posts"}],"about":[{"href":"https:\/\/bisbalpenedes.com\/web\/wp-json\/wp\/v2\/types\/post"}],"author":[{"embeddable":true,"href":"https:\/\/bisbalpenedes.com\/web\/wp-json\/wp\/v2\/users\/4"}],"replies":[{"embeddable":true,"href":"https:\/\/bisbalpenedes.com\/web\/wp-json\/wp\/v2\/comments?post=18797"}],"version-history":[{"count":1,"href":"https:\/\/bisbalpenedes.com\/web\/wp-json\/wp\/v2\/posts\/18797\/revisions"}],"predecessor-version":[{"id":18798,"href":"https:\/\/bisbalpenedes.com\/web\/wp-json\/wp\/v2\/posts\/18797\/revisions\/18798"}],"wp:featuredmedia":[{"embeddable":true,"href":"https:\/\/bisbalpenedes.com\/web\/wp-json\/wp\/v2\/media\/14717"}],"wp:attachment":[{"href":"https:\/\/bisbalpenedes.com\/web\/wp-json\/wp\/v2\/media?parent=18797"}],"wp:term":[{"taxonomy":"category","embeddable":true,"href":"https:\/\/bisbalpenedes.com\/web\/wp-json\/wp\/v2\/categories?post=18797"},{"taxonomy":"post_tag","embeddable":true,"href":"https:\/\/bisbalpenedes.com\/web\/wp-json\/wp\/v2\/tags?post=18797"}],"curies":[{"name":"wp","href":"https:\/\/api.w.org\/{rel}","templated":true}]}}