{"id":18766,"date":"2021-08-05T10:07:44","date_gmt":"2021-08-05T08:07:44","guid":{"rendered":"https:\/\/bisbalpenedes.com\/web\/?p=18766"},"modified":"2021-08-05T10:07:44","modified_gmt":"2021-08-05T08:07:44","slug":"la-bisbal-del-penedes-celebrara-la-festa-major-del-12-al-17-dagost-aquest-dimecres-4-dagost-sha-comencat-a-repartir-el-programa-per-les-cases","status":"publish","type":"post","link":"https:\/\/bisbalpenedes.com\/web\/2021\/08\/05\/la-bisbal-del-penedes-celebrara-la-festa-major-del-12-al-17-dagost-aquest-dimecres-4-dagost-sha-comencat-a-repartir-el-programa-per-les-cases\/","title":{"rendered":"La Bisbal del Pened\u00e8s celebrar\u00e0 la Festa Major del 12 al 17 d\u2019agost \u2013 Aquest dimecres 4 d\u2019agost s\u2019ha comen\u00e7at a repartir el programa per les cases"},"content":{"rendered":"\n<p>La Bisbal del Pened\u00e8s ha preparat, com l\u2019any passat, una Festa Major adaptada a les circumst\u00e0ncies actuals, marcades per la pand\u00e8mia de COVID-19 que ha sacsejat tot el m\u00f3n. Amb el motiu \u201cInsistim, persistim, resistim. Seguim de Festa Major\u201d, l\u2019Ajuntament de la Bisbal del Pened\u00e8s ha preparat una festa adaptada a les mesures de prevenci\u00f3 i adre\u00e7ada als ve\u00efns del municipi, tant els empadronats com aquells que disposen d\u2019un habitatge a la Bisbal del Pened\u00e8s.<\/p>\n\n\n\n<p>El programa d\u2019activitats s\u2019ha comen\u00e7at a repartir per les cases aquest dimecres i cont\u00e9 tota la informaci\u00f3 sobre les actes previstos, que comen\u00e7aran el dijous 12 d\u2019agost i s\u2019allargaran fins al dimarts 17 d\u2019agost. Hi haur\u00e0 concerts, exposicions, sopar al carrer, el preg\u00f3, cercavila, correfocs, els versots del Ball de Diables, un acte especial amb motiu de la Diada Castellera del 15 d\u2019agost, matinades, missa solemne, concert-vermut, futbol de Festa Major, escacs a la fresca, una actuaci\u00f3 per als m\u00e9s menuts, espectacle musical i d\u2019humor, la gimcana Esventada, el retorn de l\u2019assass\u00ed de la pastanaga, el castell de focs o el concurs de fotografia d\u2019Instagram, entre altres.<\/p>\n\n\n\n<p>Els ve\u00efns que estiguin empadronats o que tinguin casa a la Bisbal del Pened\u00e8s podran fer les seves inscripcions els dies 9, 10 i 11 d\u2019agost de 17h a 20h a les oficines municipals i rebran el \u201cPack de superviv\u00e8ncia de la Festa Major\u201d, un lot que ha preparat l\u2019Ajuntament de La Bisbal i que inclou: una bossa t\u00e8rmica, un ventall, una mascareta, un got reutilitzable i informaci\u00f3 addicional sobre alguns actes de la Festa Major.<\/p>\n\n\n\n<p>Si queden places lliures en els actes organitzats despr\u00e9s del dia 11 d\u2019agost, l\u2019Ajuntament ho far\u00e0 saber a trav\u00e9s de les vies habituals de comunicaci\u00f3 amb la ciutadania \u2013com ara les xarxes socials- perqu\u00e8 hi puguin accedir les persones interessades en participar en algun dels actes.<\/p>\n\n\n\n<hr class=\"wp-block-separator\"\/>\n\n\n\n<p>La Bisbal del Pened\u00e8s ha preparado, como el a\u00f1o pasado, una Fiesta Mayor adaptada a las circunstancias actuales, marcadas por la pandemia de COVID-19 que ha sacudido a todo el mundo. Con el motivo \u201cInsistimos, persistimos, resistimos. Seguimos de Fiesta Mayor\u201d, el Ayuntamiento de la Bisbal del Pened\u00e8s ha preparado una fiesta adaptada a las medidas de prevenci\u00f3n y dirigida a los vecinos del municipio, tanto los empadronados como aquellos que disponen de una vivienda en la Bisbal del Pened\u00e8s.<\/p>\n\n\n\n<p>El programa de actividades se ha empezado a repartir por las casas este mi\u00e9rcoles y contiene toda la informaci\u00f3n sobre los actos previstos, que empezar\u00e1n el jueves 12 de agosto y se alargar\u00e1n hasta el martes 17 de agosto. Habr\u00e1 conciertos, exposiciones, cena en la calle, el preg\u00f3n, passacalle, <em>correfocs<\/em>, los <em>versots<\/em> del Ball de Diables, un acto especial con motivo de la Diada Castellera del 15 de agosto, <em>matinades<\/em>, misa solemne, concierto-vermut, f\u00fatbol de Fiesta Mayor, ajedrez al aire libre, una actuaci\u00f3n para los m\u00e1s peque\u00f1os, espect\u00e1culo musical y de humor, la gincana Esventada, el retorno del asesino de la zanahoria, el castillo de fuegos o el concurso de fotograf\u00eda de Instagram, entre otros.<\/p>\n\n\n\n<p>Los vecinos que est\u00e9n empadronados o que tengan casa en la Bisbal del Pened\u00e8s podr\u00e1n hacer sus inscripciones los d\u00edas 9, 10 y 11 de agosto de 17h a 20h en las oficinas municipales y recibir\u00e1n el \u201cPack de supervivencia de la Fiesta Mayor\u201d, un lote que ha preparado el Ayuntamiento de la Bisbal del Pened\u00e8s y que incluye: una bolsa t\u00e9rmica, un abanico, una mascarilla, un vaso reutilizable e informaci\u00f3n adicional sobre algunos actos de la Fiesta Mayor.<\/p>\n\n\n\n<p>Si quedan plazas libres en los actos organizados despu\u00e9s del d\u00eda 11 de agosto, el Ayuntamiento lo har\u00e1 saber a trav\u00e9s de las v\u00edas habituales de comunicaci\u00f3n con la ciudadan\u00eda \u2013como por ejemplo las redes sociales- para que puedan acceder las personas interesadas en participar en alguno de los actos.<\/p>\n","protected":false},"excerpt":{"rendered":"<p>La Bisbal del Pened\u00e8s ha preparat, com l\u2019any passat, una Festa Major adaptada a les circumst\u00e0ncies actuals, marcades per la pand\u00e8mia de COVID-19 que ha sacsejat tot el m\u00f3n. Amb &hellip; <a href=\"https:\/\/bisbalpenedes.com\/web\/2021\/08\/05\/la-bisbal-del-penedes-celebrara-la-festa-major-del-12-al-17-dagost-aquest-dimecres-4-dagost-sha-comencat-a-repartir-el-programa-per-les-cases\/\" class=\"more-link\">Read More<\/a><\/p>\n","protected":false},"author":4,"featured_media":18768,"comment_status":"closed","ping_status":"closed","sticky":false,"template":"","format":"standard","meta":[],"categories":[2942,13,2161,4668,8],"tags":[280,4638,4694,4695,273,393],"_links":{"self":[{"href":"https:\/\/bisbalpenedes.com\/web\/wp-json\/wp\/v2\/posts\/18766"}],"collection":[{"href":"https:\/\/bisbalpenedes.com\/web\/wp-json\/wp\/v2\/posts"}],"about":[{"href":"https:\/\/bisbalpenedes.com\/web\/wp-json\/wp\/v2\/types\/post"}],"author":[{"embeddable":true,"href":"https:\/\/bisbalpenedes.com\/web\/wp-json\/wp\/v2\/users\/4"}],"replies":[{"embeddable":true,"href":"https:\/\/bisbalpenedes.com\/web\/wp-json\/wp\/v2\/comments?post=18766"}],"version-history":[{"count":2,"href":"https:\/\/bisbalpenedes.com\/web\/wp-json\/wp\/v2\/posts\/18766\/revisions"}],"predecessor-version":[{"id":18769,"href":"https:\/\/bisbalpenedes.com\/web\/wp-json\/wp\/v2\/posts\/18766\/revisions\/18769"}],"wp:featuredmedia":[{"embeddable":true,"href":"https:\/\/bisbalpenedes.com\/web\/wp-json\/wp\/v2\/media\/18768"}],"wp:attachment":[{"href":"https:\/\/bisbalpenedes.com\/web\/wp-json\/wp\/v2\/media?parent=18766"}],"wp:term":[{"taxonomy":"category","embeddable":true,"href":"https:\/\/bisbalpenedes.com\/web\/wp-json\/wp\/v2\/categories?post=18766"},{"taxonomy":"post_tag","embeddable":true,"href":"https:\/\/bisbalpenedes.com\/web\/wp-json\/wp\/v2\/tags?post=18766"}],"curies":[{"name":"wp","href":"https:\/\/api.w.org\/{rel}","templated":true}]}}