{"id":18761,"date":"2021-08-04T07:09:43","date_gmt":"2021-08-04T05:09:43","guid":{"rendered":"https:\/\/bisbalpenedes.com\/web\/?p=18761"},"modified":"2021-08-04T07:09:43","modified_gmt":"2021-08-04T05:09:43","slug":"convocatoria-de-vacunacio-per-a-persones-nascudes-entre-el-2006-i-el-2009","status":"publish","type":"post","link":"https:\/\/bisbalpenedes.com\/web\/2021\/08\/04\/convocatoria-de-vacunacio-per-a-persones-nascudes-entre-el-2006-i-el-2009\/","title":{"rendered":"Convocat\u00f2ria de vacunaci\u00f3 per a persones nascudes entre el 2006 i el 2009"},"content":{"rendered":"\n<p>S&#8217;obre convocat\u00f2ria de vacunaci\u00f3 per a les persones nascudes entre els anys 2006 i el 2009. Trobareu tota la informaci\u00f3 en aquest enlla\u00e7: <a rel=\"noreferrer noopener\" href=\"https:\/\/canalsalut.gencat.cat\/ca\/salut-a-z\/v\/vacuna-covid-19\/convocatoria\/ciutadania\/2006-2009\/\" target=\"_blank\">https:\/\/canalsalut.gencat.cat\/ca\/salut-a-z\/v\/vacuna-covid-19\/convocatoria\/ciutadania\/2006-2009\/<\/a><\/p>\n\n\n\n<hr class=\"wp-block-separator\"\/>\n\n\n\n<p>Se abre convocatoria de vacunaci\u00f3n para las personas nacidas entre los a\u00f1os 2006 y 2009. Encontrar\u00e9is toda la informaci\u00f3n en este enlace: <a rel=\"noreferrer noopener\" href=\"https:\/\/canalsalut.gencat.cat\/ca\/salut-a-z\/v\/vacuna-covid-19\/convocatoria\/ciutadania\/2006-2009\/\" target=\"_blank\">https:\/\/canalsalut.gencat.cat\/ca\/salut-a-z\/v\/vacuna-covid-19\/convocatoria\/ciutadania\/2006-2009\/<\/a><\/p>\n","protected":false},"excerpt":{"rendered":"<p>S&#8217;obre convocat\u00f2ria de vacunaci\u00f3 per a les persones nascudes entre els anys 2006 i el 2009. Trobareu tota la informaci\u00f3 en aquest enlla\u00e7: https:\/\/canalsalut.gencat.cat\/ca\/salut-a-z\/v\/vacuna-covid-19\/convocatoria\/ciutadania\/2006-2009\/ Se abre convocatoria de vacunaci\u00f3n para &hellip; <a href=\"https:\/\/bisbalpenedes.com\/web\/2021\/08\/04\/convocatoria-de-vacunacio-per-a-persones-nascudes-entre-el-2006-i-el-2009\/\" class=\"more-link\">Read More<\/a><\/p>\n","protected":false},"author":4,"featured_media":18762,"comment_status":"closed","ping_status":"closed","sticky":false,"template":"","format":"standard","meta":[],"categories":[3636,4095,8,14],"tags":[3550,3559,393,145,28,431],"_links":{"self":[{"href":"https:\/\/bisbalpenedes.com\/web\/wp-json\/wp\/v2\/posts\/18761"}],"collection":[{"href":"https:\/\/bisbalpenedes.com\/web\/wp-json\/wp\/v2\/posts"}],"about":[{"href":"https:\/\/bisbalpenedes.com\/web\/wp-json\/wp\/v2\/types\/post"}],"author":[{"embeddable":true,"href":"https:\/\/bisbalpenedes.com\/web\/wp-json\/wp\/v2\/users\/4"}],"replies":[{"embeddable":true,"href":"https:\/\/bisbalpenedes.com\/web\/wp-json\/wp\/v2\/comments?post=18761"}],"version-history":[{"count":1,"href":"https:\/\/bisbalpenedes.com\/web\/wp-json\/wp\/v2\/posts\/18761\/revisions"}],"predecessor-version":[{"id":18763,"href":"https:\/\/bisbalpenedes.com\/web\/wp-json\/wp\/v2\/posts\/18761\/revisions\/18763"}],"wp:featuredmedia":[{"embeddable":true,"href":"https:\/\/bisbalpenedes.com\/web\/wp-json\/wp\/v2\/media\/18762"}],"wp:attachment":[{"href":"https:\/\/bisbalpenedes.com\/web\/wp-json\/wp\/v2\/media?parent=18761"}],"wp:term":[{"taxonomy":"category","embeddable":true,"href":"https:\/\/bisbalpenedes.com\/web\/wp-json\/wp\/v2\/categories?post=18761"},{"taxonomy":"post_tag","embeddable":true,"href":"https:\/\/bisbalpenedes.com\/web\/wp-json\/wp\/v2\/tags?post=18761"}],"curies":[{"name":"wp","href":"https:\/\/api.w.org\/{rel}","templated":true}]}}