{"id":1876,"date":"2016-11-29T19:59:00","date_gmt":"2016-11-29T13:59:00","guid":{"rendered":"http:\/\/bisbalpenedes.com\/web\/?p=1876"},"modified":"2016-11-29T19:59:00","modified_gmt":"2016-11-29T13:59:00","slug":"xerrada-sobre-la-crisi-dels-refugiats","status":"publish","type":"post","link":"https:\/\/bisbalpenedes.com\/web\/2016\/11\/29\/xerrada-sobre-la-crisi-dels-refugiats\/","title":{"rendered":"Xerrada sobre la crisi dels refugiats"},"content":{"rendered":"<p>Aquest dijous 1 de desembre, a les 19h al CMC.<br \/>\nXerrada sobre la crisi dels refugiats<br \/>\na c\u00e0rrec de Josep Ma Sol\u00e9 d&#8217;Oxfam Interm\u00f3n<br \/>\nNo tanquis els ulls a aquesta problem\u00e0tica. #dretarefugi<\/p>\n","protected":false},"excerpt":{"rendered":"<p>Aquest dijous 1 de desembre, a les 19h al CMC. Xerrada sobre la crisi dels refugiats a c\u00e0rrec de Josep Ma Sol\u00e9 d&#8217;Oxfam Interm\u00f3n No tanquis els ulls a aquesta &hellip; <a href=\"https:\/\/bisbalpenedes.com\/web\/2016\/11\/29\/xerrada-sobre-la-crisi-dels-refugiats\/\" class=\"more-link\">Read More<\/a><\/p>\n","protected":false},"author":1,"featured_media":1877,"comment_status":"closed","ping_status":"closed","sticky":false,"template":"","format":"standard","meta":[],"categories":[17],"tags":[206,45],"_links":{"self":[{"href":"https:\/\/bisbalpenedes.com\/web\/wp-json\/wp\/v2\/posts\/1876"}],"collection":[{"href":"https:\/\/bisbalpenedes.com\/web\/wp-json\/wp\/v2\/posts"}],"about":[{"href":"https:\/\/bisbalpenedes.com\/web\/wp-json\/wp\/v2\/types\/post"}],"author":[{"embeddable":true,"href":"https:\/\/bisbalpenedes.com\/web\/wp-json\/wp\/v2\/users\/1"}],"replies":[{"embeddable":true,"href":"https:\/\/bisbalpenedes.com\/web\/wp-json\/wp\/v2\/comments?post=1876"}],"version-history":[{"count":1,"href":"https:\/\/bisbalpenedes.com\/web\/wp-json\/wp\/v2\/posts\/1876\/revisions"}],"predecessor-version":[{"id":1878,"href":"https:\/\/bisbalpenedes.com\/web\/wp-json\/wp\/v2\/posts\/1876\/revisions\/1878"}],"wp:featuredmedia":[{"embeddable":true,"href":"https:\/\/bisbalpenedes.com\/web\/wp-json\/wp\/v2\/media\/1877"}],"wp:attachment":[{"href":"https:\/\/bisbalpenedes.com\/web\/wp-json\/wp\/v2\/media?parent=1876"}],"wp:term":[{"taxonomy":"category","embeddable":true,"href":"https:\/\/bisbalpenedes.com\/web\/wp-json\/wp\/v2\/categories?post=1876"},{"taxonomy":"post_tag","embeddable":true,"href":"https:\/\/bisbalpenedes.com\/web\/wp-json\/wp\/v2\/tags?post=1876"}],"curies":[{"name":"wp","href":"https:\/\/api.w.org\/{rel}","templated":true}]}}