{"id":18753,"date":"2021-08-05T08:30:00","date_gmt":"2021-08-05T06:30:00","guid":{"rendered":"https:\/\/bisbalpenedes.com\/web\/?p=18753"},"modified":"2021-08-04T07:17:45","modified_gmt":"2021-08-04T05:17:45","slug":"saprova-la-memoria-del-curs-2020-21-del-servei-de-lescola-de-musica-municipal","status":"publish","type":"post","link":"https:\/\/bisbalpenedes.com\/web\/2021\/08\/05\/saprova-la-memoria-del-curs-2020-21-del-servei-de-lescola-de-musica-municipal\/","title":{"rendered":"S\u2019aprova la mem\u00f2ria del curs 2020\/21 del servei de l\u2019Escola de M\u00fasica Municipal"},"content":{"rendered":"\n<p>La Junta de Govern del 2 d\u2019agost de 2021 va aprovar, a petici\u00f3 de la Regidoria d\u2019Ensenyament, la mem\u00f2ria del curs 2020\/21 del servei de l\u2019escola de m\u00fasica municipal amb Contrapunt, Cooperativa de M\u00fasics, SCCL.<\/p>\n\n\n\n<p>Aquest curs ha estat marcat per dos factors: el creixement del nombre d\u2019alumnes i l\u2019impacte de la pand\u00e8mia de la COVID-19. A causa d\u2019aquest darrer motiu hi ha hagut setmanes que les classes s\u2019han fet de forma telem\u00e0tica. A m\u00e9s, no s\u2019han pogut realitzar col\u00f2nies musicals ni les excursions previstes.<\/p>\n\n\n\n<p>Aquest curs hi ha hagut un total de 59 alumnes inscrits, entre sensibilitzaci\u00f3, piano, guitarra, bateria, grup, etc. Aix\u00f2 suposa un increment de 13 alumnes m\u00e9s respecte al curs anterior.<\/p>\n\n\n\n<p>L\u2019Escola de M\u00fasica Municipal ofereix el model pedag\u00f2gic anglosax\u00f3, fruit de la proposta de Contrapunt Cooperativa de M\u00fasics SCCL. en consens amb la Regidoria d\u2019Ensenyament.<\/p>\n\n\n\n<hr class=\"wp-block-separator\"\/>\n\n\n\n<p>La Junta de Gobierno del 2 de agosto de 2021 aprob\u00f3, a petici\u00f3n de la Concejal\u00eda de Educaci\u00f3n, la memoria del curso 2020\/21 del servicio de la escuela de m\u00fasica municipal con Contrapunt, Cooperativa de M\u00fasics, SCCL.<\/p>\n\n\n\n<p>Este curso ha estado marcado por dos factores: el crecimiento del n\u00famero de alumnos y el impacto de la pandemia de la COVID-19. A causa de este \u00faltimo motivo ha habido semanas en las que las clases se han hecho de forma telem\u00e1tica. Adem\u00e1s, no se han podido realizar colonias musicales ni las excursiones previstas.<\/p>\n\n\n\n<p>Este curso ha habido un total de 59 inscritos, entre sensibilizaci\u00f3n, piano, guitarra, bater\u00eda, grupo, etc. Esto supone un incremento de 13 alumnos m\u00e1s respecto al curso anterior.<\/p>\n\n\n\n<p>La Escuela de M\u00fasica Municipal ofrece el modelo pedag\u00f3gico anglosaj\u00f3n, fruto de la propuesta de Contrapunt Cooperativa de M\u00fasics SCCL. en consenso con la Concejal\u00eda de Educaci\u00f3n.<\/p>\n","protected":false},"excerpt":{"rendered":"<p>La Junta de Govern del 2 d\u2019agost de 2021 va aprovar, a petici\u00f3 de la Regidoria d\u2019Ensenyament, la mem\u00f2ria del curs 2020\/21 del servei de l\u2019escola de m\u00fasica municipal amb &hellip; <a href=\"https:\/\/bisbalpenedes.com\/web\/2021\/08\/05\/saprova-la-memoria-del-curs-2020-21-del-servei-de-lescola-de-musica-municipal\/\" class=\"more-link\">Read More<\/a><\/p>\n","protected":false},"author":4,"featured_media":18613,"comment_status":"closed","ping_status":"closed","sticky":false,"template":"","format":"standard","meta":[],"categories":[3456,8],"tags":[781,1583,72,1781,4277,333],"_links":{"self":[{"href":"https:\/\/bisbalpenedes.com\/web\/wp-json\/wp\/v2\/posts\/18753"}],"collection":[{"href":"https:\/\/bisbalpenedes.com\/web\/wp-json\/wp\/v2\/posts"}],"about":[{"href":"https:\/\/bisbalpenedes.com\/web\/wp-json\/wp\/v2\/types\/post"}],"author":[{"embeddable":true,"href":"https:\/\/bisbalpenedes.com\/web\/wp-json\/wp\/v2\/users\/4"}],"replies":[{"embeddable":true,"href":"https:\/\/bisbalpenedes.com\/web\/wp-json\/wp\/v2\/comments?post=18753"}],"version-history":[{"count":1,"href":"https:\/\/bisbalpenedes.com\/web\/wp-json\/wp\/v2\/posts\/18753\/revisions"}],"predecessor-version":[{"id":18754,"href":"https:\/\/bisbalpenedes.com\/web\/wp-json\/wp\/v2\/posts\/18753\/revisions\/18754"}],"wp:featuredmedia":[{"embeddable":true,"href":"https:\/\/bisbalpenedes.com\/web\/wp-json\/wp\/v2\/media\/18613"}],"wp:attachment":[{"href":"https:\/\/bisbalpenedes.com\/web\/wp-json\/wp\/v2\/media?parent=18753"}],"wp:term":[{"taxonomy":"category","embeddable":true,"href":"https:\/\/bisbalpenedes.com\/web\/wp-json\/wp\/v2\/categories?post=18753"},{"taxonomy":"post_tag","embeddable":true,"href":"https:\/\/bisbalpenedes.com\/web\/wp-json\/wp\/v2\/tags?post=18753"}],"curies":[{"name":"wp","href":"https:\/\/api.w.org\/{rel}","templated":true}]}}