{"id":18751,"date":"2021-08-04T06:53:56","date_gmt":"2021-08-04T04:53:56","guid":{"rendered":"https:\/\/bisbalpenedes.com\/web\/?p=18751"},"modified":"2021-08-04T06:53:56","modified_gmt":"2021-08-04T04:53:56","slug":"es-fa-el-darrer-pas-previ-a-la-redaccio-del-projecte-de-construccio-i-rehabilitacio-de-la-fassina","status":"publish","type":"post","link":"https:\/\/bisbalpenedes.com\/web\/2021\/08\/04\/es-fa-el-darrer-pas-previ-a-la-redaccio-del-projecte-de-construccio-i-rehabilitacio-de-la-fassina\/","title":{"rendered":"Es fa el darrer pas previ a la redacci\u00f3 del projecte de construcci\u00f3 i rehabilitaci\u00f3 de la fassina"},"content":{"rendered":"\n<p>La Junta de Govern del 2 d\u2019agost ha aprovat, a petici\u00f3 de la Regidoria d\u2019Urbanisme, contractar l\u2019empresa Geotec, estudis geot\u00e8cnics i mediambientals SL, per un import de 1.455,20\u20ac, per a la redacci\u00f3 del projecte geot\u00e8cnic de la fassina, concretament per a la rehabilitaci\u00f3 de la torre de la fassina. Aquest projecte consta de sondeigs, extracci\u00f3 i estudi de mostres representatives del subs\u00f2l i diferents assajos, amb l\u2019objectiu de definir les condicions i el comportament del terreny en qu\u00e8 s\u2019han de dur a terme les obres.<\/p>\n\n\n\n<p>L\u2019alcaldessa i responsable de l\u2019\u00e0rea d\u2019Urbanisme, Agn\u00e8s Ferr\u00e9, ha explicat que \u201caquest estudi \u00e9s el pas previ per poder licitar la redacci\u00f3 del projecte de construcci\u00f3 d\u2019espais per a la brigada municipal i la rehabilitaci\u00f3 de la torre de la fassina\u201d.<\/p>\n\n\n\n<p>L\u2019any 2019 l\u2019Ajuntament de la Bisbal del Pened\u00e8s va adquirir la finca ubicada al carrer Barcelona, n\u00fameros 7, 11 i 13 amb l\u2019objectiu d\u2019utilitzar l\u2019espai com a magatzem municipal i destinar la torre de la fassina \u2013que t\u00e9 15 metres d\u2019al\u00e7ada- a la Colla Castellera de la Bisbal del Pened\u00e8s (Bous) perqu\u00e8 sigui emprada com a local d\u2019assaig. El passat mes de febrer es van dur a terme les obres d\u2019enderroc de les edificacions, a excepci\u00f3 de la torre, una edificaci\u00f3 de 15 metres d\u2019altura que sobresurt del perfil del nucli urb\u00e0 de la Bisbal i que ja forma part de l\u2019<em>skyline <\/em>del municipi.<\/p>\n\n\n\n<hr class=\"wp-block-separator\"\/>\n\n\n\n<p>La Junta de Gobierno del 2 de agosto ha aprobado, a petici\u00f3n de la Concejal\u00eda de Urbanismo, contratar a la empresa Geotec, estudis geot\u00e8cnics i mediambientals SL, por un importe de 1.455,20\u20ac para la redacci\u00f3n del proyecto geot\u00e9cnico de la <em>fassina<\/em>, concretamente para la rehabilitaci\u00f3n de la torre de la <em>fassina<\/em>. Este proyecto consta de sondeos, extracci\u00f3n y estudio de muestras representativas del subsuelo y distintos ensayos, con el objetivo de definir las condiciones y el comportamiento del terreno en el que se tienen que llevar a cabo las obras.<\/p>\n\n\n\n<p>La alcaldesa y responsable del \u00e1rea de Urbanismo, Agn\u00e8s Ferr\u00e9, ha explicado que \u201ceste estudio es el paso previo para poder licitar la redacci\u00f3n del proyecto de construcci\u00f3n de espacios para la brigada municipal y la rehabilitaci\u00f3n de la torre de la <em>fassina<\/em>\u201d.<\/p>\n\n\n\n<p>El a\u00f1o 2019 el Ayuntamiento de la Bisbal del Pened\u00e8s adquiri\u00f3 la finca ubicada en la calle Barcelona, n\u00fameros 7, 11 y 13 con el objetivo de utilizar el espacio como almac\u00e9n municipal y destinar la torre de la fassina a la Colla Castellera de la Bisbal del Pened\u00e8s (Bous) para que sea utilizada como local de ensayo. El pasado mes de febrero se llevaron a cabo las obras de derribo de las edificaciones, a excepci\u00f3n de la torre, una edificaci\u00f3n de 15 metros de altura que sobresale del perfil del n\u00facleo urbano de la Bisbal y que ya forma parte del <em>skyline<\/em> del municipio.<\/p>\n","protected":false},"excerpt":{"rendered":"<p>La Junta de Govern del 2 d\u2019agost ha aprovat, a petici\u00f3 de la Regidoria d\u2019Urbanisme, contractar l\u2019empresa Geotec, estudis geot\u00e8cnics i mediambientals SL, per un import de 1.455,20\u20ac, per a &hellip; <a href=\"https:\/\/bisbalpenedes.com\/web\/2021\/08\/04\/es-fa-el-darrer-pas-previ-a-la-redaccio-del-projecte-de-construccio-i-rehabilitacio-de-la-fassina\/\" class=\"more-link\">Read More<\/a><\/p>\n","protected":false},"author":4,"featured_media":16502,"comment_status":"closed","ping_status":"closed","sticky":false,"template":"","format":"standard","meta":[],"categories":[8,15],"tags":[4691,686,393,3504,4692],"_links":{"self":[{"href":"https:\/\/bisbalpenedes.com\/web\/wp-json\/wp\/v2\/posts\/18751"}],"collection":[{"href":"https:\/\/bisbalpenedes.com\/web\/wp-json\/wp\/v2\/posts"}],"about":[{"href":"https:\/\/bisbalpenedes.com\/web\/wp-json\/wp\/v2\/types\/post"}],"author":[{"embeddable":true,"href":"https:\/\/bisbalpenedes.com\/web\/wp-json\/wp\/v2\/users\/4"}],"replies":[{"embeddable":true,"href":"https:\/\/bisbalpenedes.com\/web\/wp-json\/wp\/v2\/comments?post=18751"}],"version-history":[{"count":1,"href":"https:\/\/bisbalpenedes.com\/web\/wp-json\/wp\/v2\/posts\/18751\/revisions"}],"predecessor-version":[{"id":18752,"href":"https:\/\/bisbalpenedes.com\/web\/wp-json\/wp\/v2\/posts\/18751\/revisions\/18752"}],"wp:featuredmedia":[{"embeddable":true,"href":"https:\/\/bisbalpenedes.com\/web\/wp-json\/wp\/v2\/media\/16502"}],"wp:attachment":[{"href":"https:\/\/bisbalpenedes.com\/web\/wp-json\/wp\/v2\/media?parent=18751"}],"wp:term":[{"taxonomy":"category","embeddable":true,"href":"https:\/\/bisbalpenedes.com\/web\/wp-json\/wp\/v2\/categories?post=18751"},{"taxonomy":"post_tag","embeddable":true,"href":"https:\/\/bisbalpenedes.com\/web\/wp-json\/wp\/v2\/tags?post=18751"}],"curies":[{"name":"wp","href":"https:\/\/api.w.org\/{rel}","templated":true}]}}