{"id":18738,"date":"2021-08-03T09:23:45","date_gmt":"2021-08-03T07:23:45","guid":{"rendered":"https:\/\/bisbalpenedes.com\/web\/?p=18738"},"modified":"2021-08-03T21:23:37","modified_gmt":"2021-08-03T19:23:37","slug":"lalcaldessa-agnes-ferre-i-la-tecnica-docupacio-es-van-reunir-amb-la-federacio-empresarial-del-gran-penedes-el-passat-divendres-23-de-juliol","status":"publish","type":"post","link":"https:\/\/bisbalpenedes.com\/web\/2021\/08\/03\/lalcaldessa-agnes-ferre-i-la-tecnica-docupacio-es-van-reunir-amb-la-federacio-empresarial-del-gran-penedes-el-passat-divendres-23-de-juliol\/","title":{"rendered":"L\u2019alcaldessa Agn\u00e8s Ferr\u00e9 i la t\u00e8cnica d\u2019Ocupaci\u00f3 es van reunir amb la Federaci\u00f3 Empresarial del Gran Pened\u00e8s el passat divendres 23 de juliol"},"content":{"rendered":"\n<p>El passat divendres 23 de juliol, al migdia, l\u2019alcaldessa Agn\u00e8s Ferr\u00e9 i la t\u00e8cnica d\u2019Ocupaci\u00f3 del SOM Bisbal, Arantzazu Longares, es van reunir amb la presidenta de la Federaci\u00f3 Empresarial del Gran Pened\u00e8s (FEGP), Neus Lloveras; i la directora general, Rosa Jorba. Durant la reuni\u00f3, es va abordar la situaci\u00f3 econ\u00f2mica actual de la comarca i del municipi i es va parlar la necessitat de formaci\u00f3 per a les persones aturades, amb l\u2019objectiu que puguin trobar feina. Per aix\u00f2, la Regidoria d\u2019Ocupaci\u00f3 i el SOM Bisbal treballaran per fer possibles diverses formacions, juntament amb la FEGP. Aquestes formacions seran de dos tipus: d\u2019una banda en el marc del projecte inclusiu\u00a0<a href=\"https:\/\/bisbalpenedes.com\/web\/2018\/11\/28\/lajuntament-crea-un-projecte-per-promoure-la-contractacio-de-presones-amb-dificultats-juntament-amb-la-fundacio-privada-santa-teresa-i-la-federacio-empresarial-del-gran-penedes\/\">Integra\u2019ls<\/a>\u00a0i, de l\u2019altra, formacions enfocades als llocs de treball espec\u00edfics que ofereixin les empreses.\u00a0<\/p>\n\n\n\n<p>Si no us heu inscrit al <a href=\"https:\/\/bisbalpenedes.com\/web\/som-bisbal\/\" target=\"_blank\" rel=\"noreferrer noopener\">SOM Bisbal<\/a> i esteu buscant feina, us animem a registrar-vos per rebre ofertes de feina i de formaci\u00f3.<\/p>\n\n\n\n<hr class=\"wp-block-separator\"\/>\n\n\n\n<p>El pasado viernes 23 de julio, a mediod\u00eda, la alcaldesa Agn\u00e8s Ferr\u00e9 y la t\u00e9cnica de Ocupaci\u00f3n del SOM Bisbal, Arantzazu Longares, se reunieron con la presidenta de la Federaci\u00f3n Empresarial del Gran Pened\u00e8s (FEGP), Neus Lloveras; y la directora general, Rosa Jorba. Durante la reuni\u00f3n, se abord\u00f3 la situaci\u00f3n econ\u00f3mica actual de la comarca y del municipio y se habl\u00f3 de la necesidad de formaci\u00f3n para personas en situaci\u00f3n de desempleo, con el objetivo de que puedan encontrar trabajo. Por este motivo, la Concejal\u00eda de Ocupaci\u00f3n y el SOM Bisbal trabajar\u00e1n por hacer posibles varias formaciones, junto con la FEGP. Estas formaciones ser\u00e1n de dos tipos: por un lado en el marco del proyecto inclusivo&nbsp;<a href=\"https:\/\/bisbalpenedes.com\/web\/2018\/11\/28\/lajuntament-crea-un-projecte-per-promoure-la-contractacio-de-presones-amb-dificultats-juntament-amb-la-fundacio-privada-santa-teresa-i-la-federacio-empresarial-del-gran-penedes\/\">Integra\u2019ls<\/a>, y por el otro, formaciones enfocadas a los puestos espec\u00edficos que oferten las empresas.<\/p>\n\n\n\n<p>Si no os hab\u00e9is inscrito al <a href=\"https:\/\/bisbalpenedes.com\/web\/som-bisbal\/\" target=\"_blank\" rel=\"noreferrer noopener\">SOM Bisbal<\/a> y est\u00e1is buscando trabajo, os animamos a registraros para recibir ofertas de trabajo y de formaci\u00f3n.<\/p>\n","protected":false},"excerpt":{"rendered":"<p>El passat divendres 23 de juliol, al migdia, l\u2019alcaldessa Agn\u00e8s Ferr\u00e9 i la t\u00e8cnica d\u2019Ocupaci\u00f3 del SOM Bisbal, Arantzazu Longares, es van reunir amb la presidenta de la Federaci\u00f3 Empresarial &hellip; <a href=\"https:\/\/bisbalpenedes.com\/web\/2021\/08\/03\/lalcaldessa-agnes-ferre-i-la-tecnica-docupacio-es-van-reunir-amb-la-federacio-empresarial-del-gran-penedes-el-passat-divendres-23-de-juliol\/\" class=\"more-link\">Read More<\/a><\/p>\n","protected":false},"author":4,"featured_media":18739,"comment_status":"closed","ping_status":"closed","sticky":false,"template":"","format":"standard","meta":[],"categories":[3822,8],"tags":[326,3787,1327,12,2616],"_links":{"self":[{"href":"https:\/\/bisbalpenedes.com\/web\/wp-json\/wp\/v2\/posts\/18738"}],"collection":[{"href":"https:\/\/bisbalpenedes.com\/web\/wp-json\/wp\/v2\/posts"}],"about":[{"href":"https:\/\/bisbalpenedes.com\/web\/wp-json\/wp\/v2\/types\/post"}],"author":[{"embeddable":true,"href":"https:\/\/bisbalpenedes.com\/web\/wp-json\/wp\/v2\/users\/4"}],"replies":[{"embeddable":true,"href":"https:\/\/bisbalpenedes.com\/web\/wp-json\/wp\/v2\/comments?post=18738"}],"version-history":[{"count":3,"href":"https:\/\/bisbalpenedes.com\/web\/wp-json\/wp\/v2\/posts\/18738\/revisions"}],"predecessor-version":[{"id":18759,"href":"https:\/\/bisbalpenedes.com\/web\/wp-json\/wp\/v2\/posts\/18738\/revisions\/18759"}],"wp:featuredmedia":[{"embeddable":true,"href":"https:\/\/bisbalpenedes.com\/web\/wp-json\/wp\/v2\/media\/18739"}],"wp:attachment":[{"href":"https:\/\/bisbalpenedes.com\/web\/wp-json\/wp\/v2\/media?parent=18738"}],"wp:term":[{"taxonomy":"category","embeddable":true,"href":"https:\/\/bisbalpenedes.com\/web\/wp-json\/wp\/v2\/categories?post=18738"},{"taxonomy":"post_tag","embeddable":true,"href":"https:\/\/bisbalpenedes.com\/web\/wp-json\/wp\/v2\/tags?post=18738"}],"curies":[{"name":"wp","href":"https:\/\/api.w.org\/{rel}","templated":true}]}}