{"id":18712,"date":"2021-07-29T10:15:30","date_gmt":"2021-07-29T08:15:30","guid":{"rendered":"https:\/\/bisbalpenedes.com\/web\/?p=18712"},"modified":"2021-07-29T10:16:12","modified_gmt":"2021-07-29T08:16:12","slug":"es-prorroguen-fins-al-6-dagost-les-mesures-per-a-la-contencio-de-la-covid-19","status":"publish","type":"post","link":"https:\/\/bisbalpenedes.com\/web\/2021\/07\/29\/es-prorroguen-fins-al-6-dagost-les-mesures-per-a-la-contencio-de-la-covid-19\/","title":{"rendered":"Es prorroguen fins al 6 d&#8217;agost les mesures per a la contenci\u00f3 de la COVID-19"},"content":{"rendered":"\n<p>&nbsp;Les mesures per a la contenci\u00f3 de la COVID-19 que estaven vigents des del 15 de juliol s&#8217;han tornat a prorrogar, en aquest cas fins al 6 d&#8217;agost.<\/p>\n\n\n\n<p>Per a m\u00e9s informaci\u00f3 podeu accedir a l&#8217;enlla\u00e7: <a rel=\"noreferrer noopener\" href=\"https:\/\/canalsalut.gencat.cat\/ca\/salut-a-z\/c\/coronavirus-2019-ncov\/ciutadania\/mesures\/15-juliol\/\" target=\"_blank\">https:\/\/canalsalut.gencat.cat\/ca\/salut-a-z\/c\/coronavirus-2019-ncov\/ciutadania\/mesures\/15-juliol\/<\/a><\/p>\n\n\n\n<hr class=\"wp-block-separator\"\/>\n\n\n\n<p>Las medidas para la contenci\u00f3n de la COVID-19 que estaban vigentes desde el 15 de julio se han vuelto a prorrogar, en este caso hasta el 6 de agosto.<\/p>\n\n\n\n<p>\u2139Para m\u00e1s informaci\u00f3n pod\u00e9is acceder al enlace: <a href=\"https:\/\/canalsalut.gencat.cat\/ca\/salut-a-z\/c\/coronavirus-2019-ncov\/ciutadania\/mesures\/15-juliol\/\" target=\"_blank\" rel=\"noreferrer noopener\">https:\/\/canalsalut.gencat.cat\/ca\/salut-a-z\/c\/coronavirus-2019-ncov\/ciutadania\/mesures\/15-juliol\/<\/a><\/p>\n\n\n\n<figure class=\"wp-block-image size-large\"><img loading=\"lazy\" width=\"726\" height=\"1024\" src=\"https:\/\/bisbalpenedes.com\/web\/wp-content\/uploads\/2021\/07\/mesures-15-juliol-FINS-6-AGOST_page-0001-726x1024.jpeg\" alt=\"\" class=\"wp-image-18713\" srcset=\"https:\/\/bisbalpenedes.com\/web\/wp-content\/uploads\/2021\/07\/mesures-15-juliol-FINS-6-AGOST_page-0001-726x1024.jpeg 726w, https:\/\/bisbalpenedes.com\/web\/wp-content\/uploads\/2021\/07\/mesures-15-juliol-FINS-6-AGOST_page-0001-600x846.jpeg 600w, https:\/\/bisbalpenedes.com\/web\/wp-content\/uploads\/2021\/07\/mesures-15-juliol-FINS-6-AGOST_page-0001-213x300.jpeg 213w, https:\/\/bisbalpenedes.com\/web\/wp-content\/uploads\/2021\/07\/mesures-15-juliol-FINS-6-AGOST_page-0001-768x1083.jpeg 768w, https:\/\/bisbalpenedes.com\/web\/wp-content\/uploads\/2021\/07\/mesures-15-juliol-FINS-6-AGOST_page-0001-1089x1536.jpeg 1089w, https:\/\/bisbalpenedes.com\/web\/wp-content\/uploads\/2021\/07\/mesures-15-juliol-FINS-6-AGOST_page-0001-1452x2048.jpeg 1452w, https:\/\/bisbalpenedes.com\/web\/wp-content\/uploads\/2021\/07\/mesures-15-juliol-FINS-6-AGOST_page-0001.jpeg 1754w\" sizes=\"(max-width: 726px) 100vw, 726px\" \/><\/figure>\n","protected":false},"excerpt":{"rendered":"<p>&nbsp;Les mesures per a la contenci\u00f3 de la COVID-19 que estaven vigents des del 15 de juliol s&#8217;han tornat a prorrogar, en aquest cas fins al 6 d&#8217;agost. Per a &hellip; <a href=\"https:\/\/bisbalpenedes.com\/web\/2021\/07\/29\/es-prorroguen-fins-al-6-dagost-les-mesures-per-a-la-contencio-de-la-covid-19\/\" class=\"more-link\">Read More<\/a><\/p>\n","protected":false},"author":4,"featured_media":18715,"comment_status":"closed","ping_status":"closed","sticky":false,"template":"","format":"standard","meta":[],"categories":[3636,4095,8,14],"tags":[3550,3559,393,4096,145,28],"_links":{"self":[{"href":"https:\/\/bisbalpenedes.com\/web\/wp-json\/wp\/v2\/posts\/18712"}],"collection":[{"href":"https:\/\/bisbalpenedes.com\/web\/wp-json\/wp\/v2\/posts"}],"about":[{"href":"https:\/\/bisbalpenedes.com\/web\/wp-json\/wp\/v2\/types\/post"}],"author":[{"embeddable":true,"href":"https:\/\/bisbalpenedes.com\/web\/wp-json\/wp\/v2\/users\/4"}],"replies":[{"embeddable":true,"href":"https:\/\/bisbalpenedes.com\/web\/wp-json\/wp\/v2\/comments?post=18712"}],"version-history":[{"count":2,"href":"https:\/\/bisbalpenedes.com\/web\/wp-json\/wp\/v2\/posts\/18712\/revisions"}],"predecessor-version":[{"id":18716,"href":"https:\/\/bisbalpenedes.com\/web\/wp-json\/wp\/v2\/posts\/18712\/revisions\/18716"}],"wp:featuredmedia":[{"embeddable":true,"href":"https:\/\/bisbalpenedes.com\/web\/wp-json\/wp\/v2\/media\/18715"}],"wp:attachment":[{"href":"https:\/\/bisbalpenedes.com\/web\/wp-json\/wp\/v2\/media?parent=18712"}],"wp:term":[{"taxonomy":"category","embeddable":true,"href":"https:\/\/bisbalpenedes.com\/web\/wp-json\/wp\/v2\/categories?post=18712"},{"taxonomy":"post_tag","embeddable":true,"href":"https:\/\/bisbalpenedes.com\/web\/wp-json\/wp\/v2\/tags?post=18712"}],"curies":[{"name":"wp","href":"https:\/\/api.w.org\/{rel}","templated":true}]}}