{"id":18709,"date":"2021-07-28T12:53:05","date_gmt":"2021-07-28T10:53:05","guid":{"rendered":"https:\/\/bisbalpenedes.com\/web\/?p=18709"},"modified":"2021-07-28T12:53:05","modified_gmt":"2021-07-28T10:53:05","slug":"calendari-del-contribuent","status":"publish","type":"post","link":"https:\/\/bisbalpenedes.com\/web\/2021\/07\/28\/calendari-del-contribuent\/","title":{"rendered":"Calendari del contribuent"},"content":{"rendered":"\n<p>Us recordem que fins al 31 d&#8217;agost podeu abonar, en per\u00edode voluntari, els imports corresponents a l&#8217;Impost sobre B\u00e9ns Immobles (r\u00fastics) i la Taxa d&#8217;Ocupaci\u00f3 de Domini P\u00fablic.A partir del 30 de juliol tamb\u00e9 podreu abonar l&#8217;import corresponent a l&#8217;Impost sobre Activitats Econ\u00f2miques i la segona fracci\u00f3 de la Taxa de Recollida d&#8217;Escombraries.<\/p>\n\n\n\n<hr class=\"wp-block-separator\"\/>\n\n\n\n<p>Os recordamos que hasta el 31 de agosto pod\u00e9is abonar, en periodo voluntario, los importes correspondientes al Impuesto sobre Bienes Inmuebles (r\u00fasticos) y la Tasa de Ocupaci\u00f3n de Dominio P\u00fablico.A partir del 30 de julio tambi\u00e9n podr\u00e9is abonar el importe correspondiente al Impuesto sobre Actividades Econ\u00f3micas y la segunda fracci\u00f3n de la Tasa de Recogida de Basuras.<\/p>\n\n\n\n<figure class=\"wp-block-image size-large\"><img loading=\"lazy\" width=\"711\" height=\"374\" src=\"https:\/\/bisbalpenedes.com\/web\/wp-content\/uploads\/2021\/06\/calendari-fiscal-2021-2.png\" alt=\"\" class=\"wp-image-18346\" srcset=\"https:\/\/bisbalpenedes.com\/web\/wp-content\/uploads\/2021\/06\/calendari-fiscal-2021-2.png 711w, https:\/\/bisbalpenedes.com\/web\/wp-content\/uploads\/2021\/06\/calendari-fiscal-2021-2-600x316.png 600w, https:\/\/bisbalpenedes.com\/web\/wp-content\/uploads\/2021\/06\/calendari-fiscal-2021-2-300x158.png 300w\" sizes=\"(max-width: 711px) 100vw, 711px\" \/><\/figure>\n","protected":false},"excerpt":{"rendered":"<p>Us recordem que fins al 31 d&#8217;agost podeu abonar, en per\u00edode voluntari, els imports corresponents a l&#8217;Impost sobre B\u00e9ns Immobles (r\u00fastics) i la Taxa d&#8217;Ocupaci\u00f3 de Domini P\u00fablic.A partir del &hellip; <a href=\"https:\/\/bisbalpenedes.com\/web\/2021\/07\/28\/calendari-del-contribuent\/\" class=\"more-link\">Read More<\/a><\/p>\n","protected":false},"author":4,"featured_media":17703,"comment_status":"closed","ping_status":"closed","sticky":false,"template":"","format":"standard","meta":[],"categories":[1628,3835,8],"tags":[2012,976,393,979],"_links":{"self":[{"href":"https:\/\/bisbalpenedes.com\/web\/wp-json\/wp\/v2\/posts\/18709"}],"collection":[{"href":"https:\/\/bisbalpenedes.com\/web\/wp-json\/wp\/v2\/posts"}],"about":[{"href":"https:\/\/bisbalpenedes.com\/web\/wp-json\/wp\/v2\/types\/post"}],"author":[{"embeddable":true,"href":"https:\/\/bisbalpenedes.com\/web\/wp-json\/wp\/v2\/users\/4"}],"replies":[{"embeddable":true,"href":"https:\/\/bisbalpenedes.com\/web\/wp-json\/wp\/v2\/comments?post=18709"}],"version-history":[{"count":1,"href":"https:\/\/bisbalpenedes.com\/web\/wp-json\/wp\/v2\/posts\/18709\/revisions"}],"predecessor-version":[{"id":18710,"href":"https:\/\/bisbalpenedes.com\/web\/wp-json\/wp\/v2\/posts\/18709\/revisions\/18710"}],"wp:featuredmedia":[{"embeddable":true,"href":"https:\/\/bisbalpenedes.com\/web\/wp-json\/wp\/v2\/media\/17703"}],"wp:attachment":[{"href":"https:\/\/bisbalpenedes.com\/web\/wp-json\/wp\/v2\/media?parent=18709"}],"wp:term":[{"taxonomy":"category","embeddable":true,"href":"https:\/\/bisbalpenedes.com\/web\/wp-json\/wp\/v2\/categories?post=18709"},{"taxonomy":"post_tag","embeddable":true,"href":"https:\/\/bisbalpenedes.com\/web\/wp-json\/wp\/v2\/tags?post=18709"}],"curies":[{"name":"wp","href":"https:\/\/api.w.org\/{rel}","templated":true}]}}