{"id":18688,"date":"2021-07-26T10:09:55","date_gmt":"2021-07-26T08:09:55","guid":{"rendered":"https:\/\/bisbalpenedes.com\/web\/?p=18688"},"modified":"2021-07-26T10:09:55","modified_gmt":"2021-07-26T08:09:55","slug":"humana-ha-recollit-6-169-kg-de-textil-usat-a-la-bisbal-del-penedes-durant-el-primer-semestre-de-lany-2021","status":"publish","type":"post","link":"https:\/\/bisbalpenedes.com\/web\/2021\/07\/26\/humana-ha-recollit-6-169-kg-de-textil-usat-a-la-bisbal-del-penedes-durant-el-primer-semestre-de-lany-2021\/","title":{"rendered":"Humana ha recollit 6.169 kg de t\u00e8xtil usat a la Bisbal del Pened\u00e8s durant el primer semestre de l\u2019any 2021"},"content":{"rendered":"\n<p>Humana Fundaci\u00f3n Pueblo para Pueblo ha recuperat 6.169 kg de t\u00e8xtil usat a la Bisbal del Pened\u00e8s durant el primer semestre de 2021 per donar-li una segona vida mitjan\u00e7ant la reutilitzaci\u00f3 o el reciclatge. Aquest registre representa un increment d\u2019un 24,8% respecte als primers sis mesos de l\u2019any passat (4.942 kg). Les m\u00e9s de sis tones recuperades equivalen a 27.700 peces de roba que seran reutilitzades o reciclades i que veuran perllongat el cicle de vida \u00fatil.<\/p>\n\n\n\n<p>Segons fonts d\u2019Humana \u201caquesta gesti\u00f3 implica un doble benefici: el primer \u00e9s ambiental perqu\u00e8 en redueix la generaci\u00f3 de residus i evita que acabin en un abocador. La recuperaci\u00f3 del residu t\u00e8xtil durant el primer semestre representa un estalvi de 19 tones de CO<sub>2 <\/sub>no emeses a l\u2019atmosfera\u201d. A m\u00e9s, hi ha un benefici social que \u201cconsisteix en la creaci\u00f3 d\u2019ocupaci\u00f3 verda. Humana genera un lloc de treball per cada 30.000kg de t\u00e8xtil recollit. A m\u00e9s, els recursos que se n\u2019obtenen es destinen a iniciatives socials\u201d.<\/p>\n\n\n\n<p>En l\u2019actualitat, la Bisbal del Pened\u00e8s disposa de quatre contenidors d\u2019Humana on els ve\u00efns poden dipositar roba, cal\u00e7ats, complements o t\u00e8xtil de la llar que no utilitzen. El servei de recollida selectiva del t\u00e8xtil \u00e9s gratu\u00eft i representa un estalvi en les despeses de recollida i eliminaci\u00f3 de residus s\u00f2lids urbans. La destinaci\u00f3 de la roba tracatada, segons Humana, \u00e9s:<\/p>\n\n\n\n<ul><li>El 54% es prepara per a la reutilitzaci\u00f3: el 14% es destina a les botigues de moda sostenible d\u2019Humana i el 40% s\u2019exporta, principalment a l\u2019\u00c0frica, per comercialitzar-la, fer accessible la roba als pa\u00efsos menys desenvolupats I generar-hi recursos per a la cooperaci\u00f3 en desenvolupament.<\/li><li>El 37,5% es troba en un estat que no en permet la reutilitzaci\u00f3 i es ven a empreses de reciclatge perqu\u00e8 elaborin altres productes (mantes, a\u00efllants o draps per a la ind\u00fastria de l\u2019automoci\u00f3).<\/li><li>L\u20191,5% s\u00f3n residus impropis (pl\u00e0stics, cartrons, altres) que es posen en mans dels gestors autoritzats corresponents.<\/li><li>El 7% no es pot reutilitzar, ni reciclar ni valoritzar energ\u00e8ticament i per aix\u00f2 s\u2019envia a un centre de tractament de residus per a la disposici\u00f3 final.<\/li><\/ul>\n\n\n\n<p>Des de la Fundaci\u00f3 Humana recorden que \u201cla recollida selectiva de roba t\u00e9 un gran potencial per garantir-ne una segona vida: el 50% se\u2019n pot reutilitzar i m\u00e9s del 35%, reciclar. Per aix\u00f2 \u00e9s important que es dipositi en un contenidor de roba; resulta obvi, per\u00f2 gaireb\u00e9 el 90% del residu t\u00e8xtil no acaba en el punt de recollida adequat.<\/p>\n\n\n\n<hr class=\"wp-block-separator\"\/>\n\n\n\n<p><strong>CASTELLANO |<\/strong> Humana Fundaci\u00f3n Pueblo para Pueblo ha recuperado 6.169 kg de textil usado en la Bisbal del Pened\u00e8s durante el primer semestre de 2021 para darle una segunda vida mediante la reutilizaci\u00f3n o el reciclaje. Este registro representa un incremento de un 24,8% respecto a los primeros seis meses del a\u00f1o pasado (4.942 kg). Las m\u00e1s de seis toneladas recuperadas equivalen a 27.700 prendas de ropa que ser\u00e1n reutilizadas o recicladas y que ver\u00e1n prolongado su ciclo de vida \u00fatil.<\/p>\n\n\n\n<p>Seg\u00fan fuentes de Humana \u201cesta gesti\u00f3n implica un doble beneficio: el primero es ambiental porque reduce la generaci\u00f3n de residuos y evita que acaben en un vertedero. La recuperaci\u00f3n del residuo textil durante el primer semestre representa un ahorro de 19 toneladas de CO\u2082 no emitidas a la atm\u00f3sfera\u201d. Adem\u00e1s, hay un beneficio social que \u201cconsiste en la creaci\u00f3n de ocupaci\u00f3n verde. Humana genera un puesto de trabajo por cada 30.000kg de textil recogido. Adem\u00e1s, los recursos que se obtienen se destinan a iniciativas sociales\u201d.<\/p>\n\n\n\n<p>En la actualidad, la Bisbal del Pened\u00e8s dispone de cuatro contenedores de Humana donde los vecinos pueden depositar ropa, calzados, complementos o textil del hogar que no utilizan. El servicio de recogida selectiva del textil es gratuito y representa un ahorro en los gastos de recogida y eliminaci\u00f3n de residuos s\u00f3lidos urbanos. El destino de la ropa tratada, seg\u00fan Humana, es:<\/p>\n\n\n\n<p>\u2022 El 54% se prepara para la reutilizaci\u00f3n: el 14% se destina a las tiendas de moda sostenible de Humana y el 40% se exporta, principalmente a \u00c1frica, para comercializarla, hacer accesible la ropa a los pa\u00edses menos desarrollados y generar recursos para la cooperaci\u00f3n en desarrollo.<\/p>\n\n\n\n<p>\u2022 El 37,5% se encuentra en un estado que no permite la reutilizaci\u00f3n y se vende a empresas de reciclaje para que elaboren otros productos (mantas, aislantes o trapos para la industria de la automoci\u00f3n).<\/p>\n\n\n\n<p>\u2022 El 1,5% son residuos impropios (pl\u00e1sticos, cartones, otros) que se ponen en manos de los gestores autorizados correspondientes.<\/p>\n\n\n\n<p>\u2022 El 7% no se puede reutilizar, ni reciclar ni valorizar energ\u00e9ticamente y por eso se env\u00eda en un centro de tratamiento de residuos para la disposici\u00f3n final.<\/p>\n\n\n\n<p>Desde la Fundaci\u00f3n Humana recuerdan que \u201cla recogida selectiva de ropa tiene un gran potencial para garantizar una segunda vida: el 50% se puede reutilizar y m\u00e1s del 35%, reciclar. Por eso es importante que se deposite en un contenedor de ropa; resulta obvio, pero casi el 90% del residuo textil no acaba en el punto de recogida adecuado.<\/p>\n","protected":false},"excerpt":{"rendered":"<p>Humana Fundaci\u00f3n Pueblo para Pueblo ha recuperat 6.169 kg de t\u00e8xtil usat a la Bisbal del Pened\u00e8s durant el primer semestre de 2021 per donar-li una segona vida mitjan\u00e7ant la &hellip; <a href=\"https:\/\/bisbalpenedes.com\/web\/2021\/07\/26\/humana-ha-recollit-6-169-kg-de-textil-usat-a-la-bisbal-del-penedes-durant-el-primer-semestre-de-lany-2021\/\" class=\"more-link\">Read More<\/a><\/p>\n","protected":false},"author":4,"featured_media":18689,"comment_status":"closed","ping_status":"closed","sticky":false,"template":"","format":"standard","meta":[],"categories":[3215,8,17],"tags":[255,393,627,4684],"_links":{"self":[{"href":"https:\/\/bisbalpenedes.com\/web\/wp-json\/wp\/v2\/posts\/18688"}],"collection":[{"href":"https:\/\/bisbalpenedes.com\/web\/wp-json\/wp\/v2\/posts"}],"about":[{"href":"https:\/\/bisbalpenedes.com\/web\/wp-json\/wp\/v2\/types\/post"}],"author":[{"embeddable":true,"href":"https:\/\/bisbalpenedes.com\/web\/wp-json\/wp\/v2\/users\/4"}],"replies":[{"embeddable":true,"href":"https:\/\/bisbalpenedes.com\/web\/wp-json\/wp\/v2\/comments?post=18688"}],"version-history":[{"count":1,"href":"https:\/\/bisbalpenedes.com\/web\/wp-json\/wp\/v2\/posts\/18688\/revisions"}],"predecessor-version":[{"id":18690,"href":"https:\/\/bisbalpenedes.com\/web\/wp-json\/wp\/v2\/posts\/18688\/revisions\/18690"}],"wp:featuredmedia":[{"embeddable":true,"href":"https:\/\/bisbalpenedes.com\/web\/wp-json\/wp\/v2\/media\/18689"}],"wp:attachment":[{"href":"https:\/\/bisbalpenedes.com\/web\/wp-json\/wp\/v2\/media?parent=18688"}],"wp:term":[{"taxonomy":"category","embeddable":true,"href":"https:\/\/bisbalpenedes.com\/web\/wp-json\/wp\/v2\/categories?post=18688"},{"taxonomy":"post_tag","embeddable":true,"href":"https:\/\/bisbalpenedes.com\/web\/wp-json\/wp\/v2\/tags?post=18688"}],"curies":[{"name":"wp","href":"https:\/\/api.w.org\/{rel}","templated":true}]}}