{"id":18669,"date":"2021-07-22T23:55:00","date_gmt":"2021-07-22T21:55:00","guid":{"rendered":"https:\/\/bisbalpenedes.com\/web\/?p=18669"},"modified":"2021-07-23T00:59:40","modified_gmt":"2021-07-22T22:59:40","slug":"es-prorroguen-les-mesures-actuals-per-a-la-contencio-de-la-covid-19-fins-al-30-de-juliol","status":"publish","type":"post","link":"https:\/\/bisbalpenedes.com\/web\/2021\/07\/22\/es-prorroguen-les-mesures-actuals-per-a-la-contencio-de-la-covid-19-fins-al-30-de-juliol\/","title":{"rendered":"Es prorroguen les mesures actuals per a la contenci\u00f3 de la COVID-19 fins al 30 de juliol"},"content":{"rendered":"\n<p>Les mesures per a la contenci\u00f3 de la COVID-19 que estaven vigents des del 15 de juliol s&#8217;han prorrogat fins al 30 de juliol.<\/p>\n\n\n\n<p>Per a m\u00e9s informaci\u00f3 podeu accedir a l&#8217;enlla\u00e7:&nbsp;<a href=\"https:\/\/canalsalut.gencat.cat\/ca\/salut-a-z\/c\/coronavirus-2019-ncov\/ciutadania\/mesures\/15-juliol\/\" target=\"_blank\" rel=\"noreferrer noopener\">https:\/\/canalsalut.gencat.cat\/ca\/salut-a-z\/c\/coronavirus-2019-ncov\/ciutadania\/mesures\/15-juliol\/<\/a><\/p>\n\n\n\n<hr class=\"wp-block-separator\"\/>\n\n\n\n<p>Las medidas para la contenci\u00f3n de la COVID-19 que estaban vigentes desde el 15 de julio se han prorrogado hasta el 30 de julio.<\/p>\n\n\n\n<p>Para m\u00e1s informaci\u00f3n pod\u00e9is acceder al enlace:\u00a0<a rel=\"noreferrer noopener\" href=\"https:\/\/canalsalut.gencat.cat\/ca\/salut-a-z\/c\/coronavirus-2019-ncov\/ciutadania\/mesures\/15-juliol\/\" target=\"_blank\">https:\/\/canalsalut.gencat.cat\/ca\/salut-a-z\/c\/coronavirus-2019-ncov\/ciutadania\/mesures\/15-juliol\/<\/a><\/p>\n\n\n\n<figure class=\"wp-block-image size-large\"><img loading=\"lazy\" width=\"726\" height=\"1024\" src=\"https:\/\/bisbalpenedes.com\/web\/wp-content\/uploads\/2021\/07\/96D2F372-8CD2-4023-8013-3A481BB7734A-726x1024.jpeg\" alt=\"\" class=\"wp-image-18671\" srcset=\"https:\/\/bisbalpenedes.com\/web\/wp-content\/uploads\/2021\/07\/96D2F372-8CD2-4023-8013-3A481BB7734A-726x1024.jpeg 726w, https:\/\/bisbalpenedes.com\/web\/wp-content\/uploads\/2021\/07\/96D2F372-8CD2-4023-8013-3A481BB7734A-600x846.jpeg 600w, https:\/\/bisbalpenedes.com\/web\/wp-content\/uploads\/2021\/07\/96D2F372-8CD2-4023-8013-3A481BB7734A-213x300.jpeg 213w, https:\/\/bisbalpenedes.com\/web\/wp-content\/uploads\/2021\/07\/96D2F372-8CD2-4023-8013-3A481BB7734A-768x1083.jpeg 768w, https:\/\/bisbalpenedes.com\/web\/wp-content\/uploads\/2021\/07\/96D2F372-8CD2-4023-8013-3A481BB7734A-1089x1536.jpeg 1089w, https:\/\/bisbalpenedes.com\/web\/wp-content\/uploads\/2021\/07\/96D2F372-8CD2-4023-8013-3A481BB7734A-1452x2048.jpeg 1452w, https:\/\/bisbalpenedes.com\/web\/wp-content\/uploads\/2021\/07\/96D2F372-8CD2-4023-8013-3A481BB7734A.jpeg 1754w\" sizes=\"(max-width: 726px) 100vw, 726px\" \/><\/figure>\n","protected":false},"excerpt":{"rendered":"<p>Les mesures per a la contenci\u00f3 de la COVID-19 que estaven vigents des del 15 de juliol s&#8217;han prorrogat fins al 30 de juliol. Per a m\u00e9s informaci\u00f3 podeu accedir &hellip; <a href=\"https:\/\/bisbalpenedes.com\/web\/2021\/07\/22\/es-prorroguen-les-mesures-actuals-per-a-la-contencio-de-la-covid-19-fins-al-30-de-juliol\/\" class=\"more-link\">Read More<\/a><\/p>\n","protected":false},"author":4,"featured_media":18670,"comment_status":"closed","ping_status":"closed","sticky":false,"template":"","format":"standard","meta":[],"categories":[8,14],"tags":[3550,3559,3569,393,28,4386],"_links":{"self":[{"href":"https:\/\/bisbalpenedes.com\/web\/wp-json\/wp\/v2\/posts\/18669"}],"collection":[{"href":"https:\/\/bisbalpenedes.com\/web\/wp-json\/wp\/v2\/posts"}],"about":[{"href":"https:\/\/bisbalpenedes.com\/web\/wp-json\/wp\/v2\/types\/post"}],"author":[{"embeddable":true,"href":"https:\/\/bisbalpenedes.com\/web\/wp-json\/wp\/v2\/users\/4"}],"replies":[{"embeddable":true,"href":"https:\/\/bisbalpenedes.com\/web\/wp-json\/wp\/v2\/comments?post=18669"}],"version-history":[{"count":1,"href":"https:\/\/bisbalpenedes.com\/web\/wp-json\/wp\/v2\/posts\/18669\/revisions"}],"predecessor-version":[{"id":18672,"href":"https:\/\/bisbalpenedes.com\/web\/wp-json\/wp\/v2\/posts\/18669\/revisions\/18672"}],"wp:featuredmedia":[{"embeddable":true,"href":"https:\/\/bisbalpenedes.com\/web\/wp-json\/wp\/v2\/media\/18670"}],"wp:attachment":[{"href":"https:\/\/bisbalpenedes.com\/web\/wp-json\/wp\/v2\/media?parent=18669"}],"wp:term":[{"taxonomy":"category","embeddable":true,"href":"https:\/\/bisbalpenedes.com\/web\/wp-json\/wp\/v2\/categories?post=18669"},{"taxonomy":"post_tag","embeddable":true,"href":"https:\/\/bisbalpenedes.com\/web\/wp-json\/wp\/v2\/tags?post=18669"}],"curies":[{"name":"wp","href":"https:\/\/api.w.org\/{rel}","templated":true}]}}