{"id":18661,"date":"2021-07-21T21:13:46","date_gmt":"2021-07-21T19:13:46","guid":{"rendered":"https:\/\/bisbalpenedes.com\/web\/?p=18661"},"modified":"2021-07-21T21:13:46","modified_gmt":"2021-07-21T19:13:46","slug":"lajuntament-prepara-una-nova-campanya-per-dinamitzar-el-comerc-aquest-dimecres-sha-reunit-amb-la-cambra-de-comerc-de-tarragona-i-el-teixit-comercial-bisbalenc","status":"publish","type":"post","link":"https:\/\/bisbalpenedes.com\/web\/2021\/07\/21\/lajuntament-prepara-una-nova-campanya-per-dinamitzar-el-comerc-aquest-dimecres-sha-reunit-amb-la-cambra-de-comerc-de-tarragona-i-el-teixit-comercial-bisbalenc\/","title":{"rendered":"L&#8217;Ajuntament prepara una nova campanya per dinamitzar el comer\u00e7 &#8211; Aquest dimecres s&#8217;ha reunit amb la Cambra de Comer\u00e7 de Tarragona i el teixit comercial bisbalenc"},"content":{"rendered":"\n<p>El CMC ha acollit, aquest vespre, una reuni\u00f3 del teixit comercial de La Bisbal del Pened\u00e8s amb la Cambra de Comer\u00e7, la regidora de Comer\u00e7 de l&#8217;Ajuntament de la Bisbal del Pened\u00e8s, Judith Vidal, i l&#8217;alcaldessa Agn\u00e8s Ferr\u00e9.<\/p>\n\n\n\n<p>L&#8217;Ajuntament de la Bisbal del Pened\u00e8s i la Cambra de Comer\u00e7 de Tarragona han comen\u00e7at a treballar en la propera iniciativa comercial, que es dur\u00e0 a terme a finals de setembre i principis d&#8217;octubre i girar\u00e0 al voltant de la Fira.&nbsp;<\/p>\n\n\n\n<p>Novament, la Cambra de Comer\u00e7 oferir\u00e0 una formaci\u00f3 adre\u00e7ada al teixit comercial i, posteriorment, es duran a terme accions comercials pensades per als clients dels diferents comer\u00e7os, serveis i professionals de la Bisbal del Pened\u00e8s.&nbsp;<\/p>\n\n\n\n<hr class=\"wp-block-separator\"\/>\n\n\n\n<p><strong>CASTELLANO |<\/strong>&nbsp;El CMC ha acogido, hoy al atardecer, una reuni\u00f3n del tejido comercial de La Bisbal del Pened\u00e8s con la C\u00e1mara de Comercio, la concejala de Comercio del Ayuntamiento de la Bisbal del Pened\u00e8s, Judith Vidal, y la alcaldesa Agn\u00e8s Ferr\u00e9.&nbsp;<\/p>\n\n\n\n<p>El Ayuntamiento de la Bisbal del Pened\u00e8s y la C\u00e1mara de Comercio de Tarragona han empezado a trabajar en la pr\u00f3xima iniciativa comercial, que se llevar\u00e1 a cabo a finales de septiembre e inicios de octubre y girar\u00e1 alrededor de la Fira.&nbsp;<\/p>\n\n\n\n<p>Nuevamente, la C\u00e1mara de comercio ofrecer\u00e1 una formaci\u00f3n dirigida al tejido comercial y, posteriormente, se llevar\u00e1n a cabo acciones comerciales pensadas para los clientes de los distintos comercios, servicios y profesionales de la Bisbal del Pened\u00e8s.<\/p>\n","protected":false},"excerpt":{"rendered":"<p>El CMC ha acollit, aquest vespre, una reuni\u00f3 del teixit comercial de La Bisbal del Pened\u00e8s amb la Cambra de Comer\u00e7, la regidora de Comer\u00e7 de l&#8217;Ajuntament de la Bisbal &hellip; <a href=\"https:\/\/bisbalpenedes.com\/web\/2021\/07\/21\/lajuntament-prepara-una-nova-campanya-per-dinamitzar-el-comerc-aquest-dimecres-sha-reunit-amb-la-cambra-de-comerc-de-tarragona-i-el-teixit-comercial-bisbalenc\/\" class=\"more-link\">Read More<\/a><\/p>\n","protected":false},"author":4,"featured_media":18662,"comment_status":"closed","ping_status":"closed","sticky":false,"template":"","format":"standard","meta":[],"categories":[3860,8],"tags":[459,417,1251,329,4204,393],"_links":{"self":[{"href":"https:\/\/bisbalpenedes.com\/web\/wp-json\/wp\/v2\/posts\/18661"}],"collection":[{"href":"https:\/\/bisbalpenedes.com\/web\/wp-json\/wp\/v2\/posts"}],"about":[{"href":"https:\/\/bisbalpenedes.com\/web\/wp-json\/wp\/v2\/types\/post"}],"author":[{"embeddable":true,"href":"https:\/\/bisbalpenedes.com\/web\/wp-json\/wp\/v2\/users\/4"}],"replies":[{"embeddable":true,"href":"https:\/\/bisbalpenedes.com\/web\/wp-json\/wp\/v2\/comments?post=18661"}],"version-history":[{"count":1,"href":"https:\/\/bisbalpenedes.com\/web\/wp-json\/wp\/v2\/posts\/18661\/revisions"}],"predecessor-version":[{"id":18663,"href":"https:\/\/bisbalpenedes.com\/web\/wp-json\/wp\/v2\/posts\/18661\/revisions\/18663"}],"wp:featuredmedia":[{"embeddable":true,"href":"https:\/\/bisbalpenedes.com\/web\/wp-json\/wp\/v2\/media\/18662"}],"wp:attachment":[{"href":"https:\/\/bisbalpenedes.com\/web\/wp-json\/wp\/v2\/media?parent=18661"}],"wp:term":[{"taxonomy":"category","embeddable":true,"href":"https:\/\/bisbalpenedes.com\/web\/wp-json\/wp\/v2\/categories?post=18661"},{"taxonomy":"post_tag","embeddable":true,"href":"https:\/\/bisbalpenedes.com\/web\/wp-json\/wp\/v2\/tags?post=18661"}],"curies":[{"name":"wp","href":"https:\/\/api.w.org\/{rel}","templated":true}]}}