{"id":18645,"date":"2021-08-12T09:00:00","date_gmt":"2021-08-12T07:00:00","guid":{"rendered":"https:\/\/bisbalpenedes.com\/web\/?p=18645"},"modified":"2021-07-20T11:24:32","modified_gmt":"2021-07-20T09:24:32","slug":"els-veins-i-les-veines-del-nucli-podreu-votar-les-propostes-del-pressupost-participatiu-aquest-divendres-i-durant-la-setmana-vinent-a-lajuntament","status":"publish","type":"post","link":"https:\/\/bisbalpenedes.com\/web\/2021\/08\/12\/els-veins-i-les-veines-del-nucli-podreu-votar-les-propostes-del-pressupost-participatiu-aquest-divendres-i-durant-la-setmana-vinent-a-lajuntament\/","title":{"rendered":"Els ve\u00efns i les ve\u00efnes del nucli podreu votar les propostes del Pressupost Participatiu aquest divendres i durant la setmana vinent a l&#8217;Ajuntament"},"content":{"rendered":"\n<p>Ve\u00efns i ve\u00efnes del nucli us recordem que dem\u00e0 podreu votar el Pressupost Participatiu 2021.<\/p>\n\n\n\n<p>Porteu el paper que se us ha repartit, assenyalant la proposta escollida, dem\u00e0 divendres 13 d&#8217;agost, de 10h a 12h, al davant del Centre Municipal de Cultura (CMC).<\/p>\n\n\n\n<p>Tamb\u00e9 podeu portar-lo del 17 al 20 d&#8217;agost a l\u2019Ajuntament, en horari d\u2019oficina (de 9h a 14h).Rebreu un obsequi per participar en el Pressupost Participatiu.<\/p>\n\n\n\n<hr class=\"wp-block-separator is-style-wide\"\/>\n\n\n\n<p>Vecinos y vecinas del nucli os recordamos que ma\u00f1ana podr\u00e9is votar el Presupuesto Participativo 2021.Traed el papel que se os ha repartido, se\u00f1alando la respuesta elegida, ma\u00f1ana viernes 13 de agosto, de 10h a 12h, delante del Centre Municipal de Cultura (CMC).<\/p>\n\n\n\n<p>Tambi\u00e9n pod\u00e9is llevarlo del 17 al 20 de agosto al Ayuntamiento, en horario de oficina (de 9h a 14h).<\/p>\n\n\n\n<p>Recibir\u00e9is un obsequio por participar en el Presupuesto Participativo.<\/p>\n","protected":false},"excerpt":{"rendered":"<p>Ve\u00efns i ve\u00efnes del nucli us recordem que dem\u00e0 podreu votar el Pressupost Participatiu 2021. Porteu el paper que se us ha repartit, assenyalant la proposta escollida, dem\u00e0 divendres 13 &hellip; <a href=\"https:\/\/bisbalpenedes.com\/web\/2021\/08\/12\/els-veins-i-les-veines-del-nucli-podreu-votar-les-propostes-del-pressupost-participatiu-aquest-divendres-i-durant-la-setmana-vinent-a-lajuntament\/\" class=\"more-link\">Read More<\/a><\/p>\n","protected":false},"author":4,"featured_media":18646,"comment_status":"closed","ping_status":"closed","sticky":false,"template":"","format":"standard","meta":[],"categories":[1047,4287,3835,8],"tags":[393,515,1048,4606],"_links":{"self":[{"href":"https:\/\/bisbalpenedes.com\/web\/wp-json\/wp\/v2\/posts\/18645"}],"collection":[{"href":"https:\/\/bisbalpenedes.com\/web\/wp-json\/wp\/v2\/posts"}],"about":[{"href":"https:\/\/bisbalpenedes.com\/web\/wp-json\/wp\/v2\/types\/post"}],"author":[{"embeddable":true,"href":"https:\/\/bisbalpenedes.com\/web\/wp-json\/wp\/v2\/users\/4"}],"replies":[{"embeddable":true,"href":"https:\/\/bisbalpenedes.com\/web\/wp-json\/wp\/v2\/comments?post=18645"}],"version-history":[{"count":1,"href":"https:\/\/bisbalpenedes.com\/web\/wp-json\/wp\/v2\/posts\/18645\/revisions"}],"predecessor-version":[{"id":18647,"href":"https:\/\/bisbalpenedes.com\/web\/wp-json\/wp\/v2\/posts\/18645\/revisions\/18647"}],"wp:featuredmedia":[{"embeddable":true,"href":"https:\/\/bisbalpenedes.com\/web\/wp-json\/wp\/v2\/media\/18646"}],"wp:attachment":[{"href":"https:\/\/bisbalpenedes.com\/web\/wp-json\/wp\/v2\/media?parent=18645"}],"wp:term":[{"taxonomy":"category","embeddable":true,"href":"https:\/\/bisbalpenedes.com\/web\/wp-json\/wp\/v2\/categories?post=18645"},{"taxonomy":"post_tag","embeddable":true,"href":"https:\/\/bisbalpenedes.com\/web\/wp-json\/wp\/v2\/tags?post=18645"}],"curies":[{"name":"wp","href":"https:\/\/api.w.org\/{rel}","templated":true}]}}