{"id":18637,"date":"2021-08-06T07:00:00","date_gmt":"2021-08-06T05:00:00","guid":{"rendered":"https:\/\/bisbalpenedes.com\/web\/?p=18637"},"modified":"2021-07-20T11:04:21","modified_gmt":"2021-07-20T09:04:21","slug":"els-veins-del-papagai-podreu-votar-les-propostes-del-pressupost-participatiu-aquest-dissabte-al-davant-del-local-o-durant-la-setmana-vinent-a-lajuntament","status":"publish","type":"post","link":"https:\/\/bisbalpenedes.com\/web\/2021\/08\/06\/els-veins-del-papagai-podreu-votar-les-propostes-del-pressupost-participatiu-aquest-dissabte-al-davant-del-local-o-durant-la-setmana-vinent-a-lajuntament\/","title":{"rendered":"Els ve\u00efns del Papagai podreu votar les propostes del Pressupost Participatiu aquest dissabte al davant del local o durant la setmana vinent a l\u2019Ajuntament"},"content":{"rendered":"\n<p>Ve\u00efns i ve\u00efnes del Papagai us recordem que dem\u00e0 podreu votar el Pressupost Participatiu 2021.<\/p>\n\n\n\n<p>Porteu el paper que se us ha repartit, assenyalant la proposta escollida, dem\u00e0 dissabte 7 d&#8217;agost, de 10h a 12h, al davant del local. <\/p>\n\n\n\n<p>Tamb\u00e9 podeu portar-lo del 9 al 13 d&#8217;agost a l\u2019Ajuntament, en horari d\u2019oficina (de 9h a 14h). <\/p>\n\n\n\n<p>Rebreu un obsequi per participar en el Pressupost Participatiu.<\/p>\n\n\n\n<hr class=\"wp-block-separator is-style-wide\"\/>\n\n\n\n<p>Vecinos y vecinas del Papagai, os recordamos que ma\u00f1ana podr\u00e9is votar el Presupuesto Participativo 2021.<\/p>\n\n\n\n<p>Traed el papel que se os ha repartido, se\u00f1alando la respuesta elegida, ma\u00f1ana s\u00e1bado 7 de agosto, de 10h a 12h, delante del local.<\/p>\n\n\n\n<p>Tambi\u00e9n pod\u00e9is llevarlo del 9 al 13 de agosto al Ayuntamiento, en horario de oficina (de 9h a 14h). <\/p>\n\n\n\n<p>Recibir\u00e9is un obsequio por participar en el Presupuesto Participativo.<br><\/p>\n","protected":false},"excerpt":{"rendered":"<p>Ve\u00efns i ve\u00efnes del Papagai us recordem que dem\u00e0 podreu votar el Pressupost Participatiu 2021. Porteu el paper que se us ha repartit, assenyalant la proposta escollida, dem\u00e0 dissabte 7 &hellip; <a href=\"https:\/\/bisbalpenedes.com\/web\/2021\/08\/06\/els-veins-del-papagai-podreu-votar-les-propostes-del-pressupost-participatiu-aquest-dissabte-al-davant-del-local-o-durant-la-setmana-vinent-a-lajuntament\/\" class=\"more-link\">Read More<\/a><\/p>\n","protected":false},"author":4,"featured_media":18638,"comment_status":"closed","ping_status":"closed","sticky":false,"template":"","format":"standard","meta":[],"categories":[1047,4287,3835,8],"tags":[459,1177,393,515,1048,4606],"_links":{"self":[{"href":"https:\/\/bisbalpenedes.com\/web\/wp-json\/wp\/v2\/posts\/18637"}],"collection":[{"href":"https:\/\/bisbalpenedes.com\/web\/wp-json\/wp\/v2\/posts"}],"about":[{"href":"https:\/\/bisbalpenedes.com\/web\/wp-json\/wp\/v2\/types\/post"}],"author":[{"embeddable":true,"href":"https:\/\/bisbalpenedes.com\/web\/wp-json\/wp\/v2\/users\/4"}],"replies":[{"embeddable":true,"href":"https:\/\/bisbalpenedes.com\/web\/wp-json\/wp\/v2\/comments?post=18637"}],"version-history":[{"count":2,"href":"https:\/\/bisbalpenedes.com\/web\/wp-json\/wp\/v2\/posts\/18637\/revisions"}],"predecessor-version":[{"id":18640,"href":"https:\/\/bisbalpenedes.com\/web\/wp-json\/wp\/v2\/posts\/18637\/revisions\/18640"}],"wp:featuredmedia":[{"embeddable":true,"href":"https:\/\/bisbalpenedes.com\/web\/wp-json\/wp\/v2\/media\/18638"}],"wp:attachment":[{"href":"https:\/\/bisbalpenedes.com\/web\/wp-json\/wp\/v2\/media?parent=18637"}],"wp:term":[{"taxonomy":"category","embeddable":true,"href":"https:\/\/bisbalpenedes.com\/web\/wp-json\/wp\/v2\/categories?post=18637"},{"taxonomy":"post_tag","embeddable":true,"href":"https:\/\/bisbalpenedes.com\/web\/wp-json\/wp\/v2\/tags?post=18637"}],"curies":[{"name":"wp","href":"https:\/\/api.w.org\/{rel}","templated":true}]}}