{"id":18631,"date":"2021-07-23T10:31:00","date_gmt":"2021-07-23T08:31:00","guid":{"rendered":"https:\/\/bisbalpenedes.com\/web\/?p=18631"},"modified":"2021-07-23T16:34:51","modified_gmt":"2021-07-23T14:34:51","slug":"els-veins-de-la-miralba-podreu-votar-les-propostes-del-pressupost-participatiu-aquest-diumenge-al-davant-del-local-social-o-durant-la-setmana-vinent-a-lajuntament","status":"publish","type":"post","link":"https:\/\/bisbalpenedes.com\/web\/2021\/07\/23\/els-veins-de-la-miralba-podreu-votar-les-propostes-del-pressupost-participatiu-aquest-diumenge-al-davant-del-local-social-o-durant-la-setmana-vinent-a-lajuntament\/","title":{"rendered":"Els ve\u00efns i les ve\u00efnes de La Miralba podreu votar les propostes del Pressupost Participatiu aquest diumenge al davant del local social o durant la setmana vinent a l\u2019Ajuntament"},"content":{"rendered":"\n<p>Ve\u00efns i ve\u00efnes de La Miralba, us recordem que aquest diumenge podreu votar el Pressupost Participatiu 2021.<\/p>\n\n\n\n<p><br>Porteu el paper que se us ha repartit, assenyalant la proposta escollida, el diumenge 25 de juliol, de 10h a 12h, al davant del local social.<\/p>\n\n\n\n<p><br>Tamb\u00e9 podeu portar-lo del 26 al 30 de juliol a l\u2019Ajuntament, en horari d\u2019oficina (de 9h a 14h).Rebreu un obsequi per participar en el Pressupost Participatiu.<\/p>\n\n\n\n<hr class=\"wp-block-separator is-style-wide\"\/>\n\n\n\n<p>Vecinos y vecinas de La Miralba, os recordamos que este domingo podr\u00e9is votar el Presupuesto Participativo 2021.<\/p>\n\n\n\n<p><br>Traed el papel que se os ha repartido, se\u00f1alando la respuesta elegida, el domingo 25 de julio, de 10h a 12h, delante del local social.<br><\/p>\n\n\n\n<p>Tambi\u00e9n pod\u00e9is llevarlo del 26 al 30 de julio al Ayuntamiento, en horario de oficina (de 9h a 14h). Recibir\u00e9is un obsequio por participar en el Presupuesto Participativo.<\/p>\n","protected":false},"excerpt":{"rendered":"<p>Ve\u00efns i ve\u00efnes de La Miralba, us recordem que aquest diumenge podreu votar el Pressupost Participatiu 2021. Porteu el paper que se us ha repartit, assenyalant la proposta escollida, el &hellip; <a href=\"https:\/\/bisbalpenedes.com\/web\/2021\/07\/23\/els-veins-de-la-miralba-podreu-votar-les-propostes-del-pressupost-participatiu-aquest-diumenge-al-davant-del-local-social-o-durant-la-setmana-vinent-a-lajuntament\/\" class=\"more-link\">Read More<\/a><\/p>\n","protected":false},"author":4,"featured_media":18632,"comment_status":"closed","ping_status":"closed","sticky":false,"template":"","format":"standard","meta":[],"categories":[1047,4287,3835,8],"tags":[77,393,246,515,1048,4606],"_links":{"self":[{"href":"https:\/\/bisbalpenedes.com\/web\/wp-json\/wp\/v2\/posts\/18631"}],"collection":[{"href":"https:\/\/bisbalpenedes.com\/web\/wp-json\/wp\/v2\/posts"}],"about":[{"href":"https:\/\/bisbalpenedes.com\/web\/wp-json\/wp\/v2\/types\/post"}],"author":[{"embeddable":true,"href":"https:\/\/bisbalpenedes.com\/web\/wp-json\/wp\/v2\/users\/4"}],"replies":[{"embeddable":true,"href":"https:\/\/bisbalpenedes.com\/web\/wp-json\/wp\/v2\/comments?post=18631"}],"version-history":[{"count":3,"href":"https:\/\/bisbalpenedes.com\/web\/wp-json\/wp\/v2\/posts\/18631\/revisions"}],"predecessor-version":[{"id":18686,"href":"https:\/\/bisbalpenedes.com\/web\/wp-json\/wp\/v2\/posts\/18631\/revisions\/18686"}],"wp:featuredmedia":[{"embeddable":true,"href":"https:\/\/bisbalpenedes.com\/web\/wp-json\/wp\/v2\/media\/18632"}],"wp:attachment":[{"href":"https:\/\/bisbalpenedes.com\/web\/wp-json\/wp\/v2\/media?parent=18631"}],"wp:term":[{"taxonomy":"category","embeddable":true,"href":"https:\/\/bisbalpenedes.com\/web\/wp-json\/wp\/v2\/categories?post=18631"},{"taxonomy":"post_tag","embeddable":true,"href":"https:\/\/bisbalpenedes.com\/web\/wp-json\/wp\/v2\/tags?post=18631"}],"curies":[{"name":"wp","href":"https:\/\/api.w.org\/{rel}","templated":true}]}}